{"id":1013,"date":"2016-01-05T20:40:17","date_gmt":"2016-01-05T19:40:17","guid":{"rendered":"http:\/\/fh-waltrop.de\/?p=1013"},"modified":"2016-01-07T23:41:01","modified_gmt":"2016-01-07T22:41:01","slug":"fluchtlinge-mussen-in-sporthalle-einziehen","status":"publish","type":"post","link":"https:\/\/fh-waltrop.de\/index.php\/fluchtlinge-mussen-in-sporthalle-einziehen\/","title":{"rendered":"Fl\u00fcchtlinge m\u00fcssen in Sporthalle einziehen"},"content":{"rendered":"<figure id=\"attachment_505\" aria-describedby=\"caption-attachment-505\" style=\"width: 900px\" class=\"wp-caption alignleft\"><a href=\"http:\/\/fh-waltrop.de\/wp-content\/uploads\/2015\/09\/D3X8362.jpg\"><img loading=\"lazy\" decoding=\"async\" data-attachment-id=\"505\" data-permalink=\"https:\/\/fh-waltrop.de\/index.php\/photography-2\/demo-waltrop-gegen-rassismus-21\/\" data-orig-file=\"https:\/\/fh-waltrop.de\/wp-content\/uploads\/2015\/09\/D3X8362.jpg\" data-orig-size=\"900,600\" data-comments-opened=\"1\" data-image-meta=\"{&quot;aperture&quot;:&quot;8&quot;,&quot;credit&quot;:&quot;Bernd Schaefer&quot;,&quot;camera&quot;:&quot;NIKON D3X&quot;,&quot;caption&quot;:&quot;&quot;,&quot;created_timestamp&quot;:&quot;1445689061&quot;,&quot;copyright&quot;:&quot;Copyright by Bernd Schaefer&quot;,&quot;focal_length&quot;:&quot;28&quot;,&quot;iso&quot;:&quot;400&quot;,&quot;shutter_speed&quot;:&quot;0.005&quot;,&quot;title&quot;:&quot;Demo Waltrop gegen Rassismus&quot;,&quot;orientation&quot;:&quot;1&quot;}\" data-image-title=\"Demo Waltrop gegen Rassismus\" data-image-description=\"\" data-image-caption=\"&lt;p&gt;Foto (c): B. Sch\u00e4fer&lt;\/p&gt;\n\" data-large-file=\"https:\/\/fh-waltrop.de\/wp-content\/uploads\/2015\/09\/D3X8362.jpg\" class=\"wp-image-505 size-full\" src=\"http:\/\/fh-waltrop.de\/wp-content\/uploads\/2015\/09\/D3X8362.jpg\" alt=\"Demo Waltrop gegen Rassismus\" width=\"900\" height=\"600\" srcset=\"https:\/\/fh-waltrop.de\/wp-content\/uploads\/2015\/09\/D3X8362.jpg 900w, https:\/\/fh-waltrop.de\/wp-content\/uploads\/2015\/09\/D3X8362-300x200.jpg 300w\" sizes=\"auto, (max-width: 900px) 100vw, 900px\" \/><\/a><figcaption id=\"caption-attachment-505\" class=\"wp-caption-text\">Foto (c): B. Sch\u00e4fer<\/figcaption><\/figure>\n<p style=\"text-align: justify;\">Wie die Waltroper Zeitung heute (05.01.2016) meldet, wird die Sporthalle am Akazienweg &#8222;ab sofort f\u00fcr die Sportler geschlossen und zum \u00dcbergangsheim f\u00fcr Fl\u00fcchtlinge umfunktioniert. Dar\u00fcber informiert B\u00fcrgermeisterin Nicole Moenikes. Schon in der kommenden Woche wird mit Fl\u00fcchtlingen gerechnet, die dort untergebracht werden sollen. Es soll Platz f\u00fcr rund 50 Menschen geschaffen werden.&#8220;<\/p>\n<p style=\"text-align: justify;\"><a href=\"http:\/\/www.waltroper-zeitung.de\/staedte\/waltrop\/45731-Brockenscheidt~\/Fluechtlinge-ziehen-ein-Jetzt-also-doch-Die-erste-Sporthalle-wird-geraeumt;art1010,1706733\" target=\"_blank\">WZ: Sporthalle wird f\u00fcr Fl\u00fcchtlinge genutzt<\/a><\/p>\n<p style=\"text-align: justify;\">Christiane Br\u00f6cker, Fachbereichsleiterin f\u00fcr Soziales, erl\u00e4uterte\u00a0die Entscheidung laut WZ so: &#8222;Wir sehen es als humanit\u00e4re Verpflichtung an und hoffen, dass die Menschen &#8211; ganz gleich ob Sportler oder auch die Gesamtsch\u00fcler und deren Eltern &#8211; das mittragen werden&#8220;.<\/p>\n<p style=\"text-align: justify;\"><strong>Update 06.01.2016: <\/strong>Laut<strong> Waltroper Zeitung<\/strong>\u00a0reagiert der Gro\u00dfteil der Sportvereine verst\u00e4ndnisvoll auf die Notwendigkeit, die Sporthalle vor\u00fcbergehend als Unterkunft f\u00fcr Fl\u00fcchtlinge nutzen zu m\u00fcssen. Viele hatten dieses Szenario vorher schon mal durchgespielt und sind dementsprechend vorbereitet. Die WZ zitiert die TVE-Gesch\u00e4ftsf\u00fchrerin Elke Beermann: &#8222;Die Waltroper Sportler k\u00f6nnen jetzt den Fair-Play-Gedanken leben, f\u00fcr den sie sonst immer einstehen.&#8220;<\/p>\n<p style=\"text-align: justify;\"><strong>Update 07.01.2016: <\/strong>Teilweise turbulent soll es auf der heute Abend durchgef\u00fchrten Info-Veranstaltung zur neuen Fl\u00fcchtlingsunterkunft in der Turnhalle der Gesamtschule hergegangen\u00a0sein, berichtet die <strong>Waltroper Zeitung<\/strong>. Viele Sorgen mit Hinweis auf die Medienberichte zu\u00a0kriminellen,\u00a0sexistischen\u00a0und\u00a0gewaltt\u00e4tigen \u00dcbergriffen in der Silvesternacht in K\u00f6ln, wurden demnach artikuliert. B\u00fcrgermeisterin\u00a0Nicole Moenikes und ihre Kolleginnen und Kollegen versuchten, \u00c4ngste zu nehmen und wiesen &#8222;unter anderem auf einen Sicherheitsdienst hin, der engagiert worden ist.\u00a0Sie warnten allerdings auch davor, den Fl\u00fcchtlingen grunds\u00e4tzlich pauschal kriminelle Absichten zu unterstellen und riefen dazu auf, die G\u00e4ste kennenzulernen.&#8220; Aktuell leben in Waltrop rund 500 Fl\u00fcchtlinge, darunter etwa 120 Kinder.\u00a0<a href=\"http:\/\/www.waltroper-zeitung.de\/staedte\/waltrop\/45731-Waltrop~\/Turnhalle-am-Akazienweg-Viele-Fragen-viele-Sorgen-zur-neuen-Fluechtlingsunterkunft;art1010,1708865\" target=\"_blank\">Viele Fragen und Sorgen zur neuen Fl\u00fcchtlingsunterkunft<\/a><\/p>\n","protected":false},"excerpt":{"rendered":"<p>Wie die Waltroper Zeitung heute (05.01.2016) meldet, wird die Sporthalle am Akazienweg &#8222;ab sofort f\u00fcr die Sportler geschlossen und zum \u00dcbergangsheim f\u00fcr Fl\u00fcchtlinge umfunktioniert. Dar\u00fcber informiert B\u00fcrgermeisterin Nicole Moenikes. Schon in der kommenden Woche wird mit Fl\u00fcchtlingen gerechnet, die dort untergebracht werden sollen. Es soll Platz f\u00fcr rund 50 Menschen geschaffen werden.&#8220; WZ: Sporthalle wird [&hellip;]<\/p>\n","protected":false},"author":4,"featured_media":0,"comment_status":"open","ping_status":"open","sticky":false,"template":"","format":"standard","meta":{"_genesis_hide_title":false,"_genesis_hide_breadcrumbs":false,"_genesis_hide_singular_image":false,"_genesis_hide_footer_widgets":false,"_genesis_custom_body_class":"","_genesis_custom_post_class":"","_genesis_layout":"","ngg_post_thumbnail":0,"jetpack_post_was_ever_published":false,"_jetpack_newsletter_access":"","_jetpack_dont_email_post_to_subs":false,"_jetpack_newsletter_tier_id":0,"_jetpack_memberships_contains_paywalled_content":false,"_jetpack_memberships_contains_paid_content":false,"footnotes":"","jetpack_publicize_message":"","jetpack_publicize_feature_enabled":true,"jetpack_social_post_already_shared":false,"jetpack_social_options":{"image_generator_settings":{"template":"highway","default_image_id":0,"font":"","enabled":false},"version":2}},"categories":[3,5,6],"tags":[],"class_list":{"0":"post-1013","1":"post","2":"type-post","3":"status-publish","4":"format-standard","6":"category-news","7":"category-refugees","8":"category-waltrop-und-umgebung","9":"entry"},"aioseo_notices":[],"jetpack_publicize_connections":[],"jetpack_featured_media_url":"","jetpack_sharing_enabled":true,"jetpack_shortlink":"https:\/\/wp.me\/pdR32e-gl","jetpack-related-posts":[],"_links":{"self":[{"href":"https:\/\/fh-waltrop.de\/index.php\/wp-json\/wp\/v2\/posts\/1013","targetHints":{"allow":["GET"]}}],"collection":[{"href":"https:\/\/fh-waltrop.de\/index.php\/wp-json\/wp\/v2\/posts"}],"about":[{"href":"https:\/\/fh-waltrop.de\/index.php\/wp-json\/wp\/v2\/types\/post"}],"author":[{"embeddable":true,"href":"https:\/\/fh-waltrop.de\/index.php\/wp-json\/wp\/v2\/users\/4"}],"replies":[{"embeddable":true,"href":"https:\/\/fh-waltrop.de\/index.php\/wp-json\/wp\/v2\/comments?post=1013"}],"version-history":[{"count":0,"href":"https:\/\/fh-waltrop.de\/index.php\/wp-json\/wp\/v2\/posts\/1013\/revisions"}],"wp:attachment":[{"href":"https:\/\/fh-waltrop.de\/index.php\/wp-json\/wp\/v2\/media?parent=1013"}],"wp:term":[{"taxonomy":"category","embeddable":true,"href":"https:\/\/fh-waltrop.de\/index.php\/wp-json\/wp\/v2\/categories?post=1013"},{"taxonomy":"post_tag","embeddable":true,"href":"https:\/\/fh-waltrop.de\/index.php\/wp-json\/wp\/v2\/tags?post=1013"}],"curies":[{"name":"wp","href":"https:\/\/api.w.org\/{rel}","templated":true}]}}