{"id":1181,"date":"2016-02-07T17:15:39","date_gmt":"2016-02-07T16:15:39","guid":{"rendered":"http:\/\/fh-waltrop.de\/?p=1181"},"modified":"2016-02-08T15:59:44","modified_gmt":"2016-02-08T14:59:44","slug":"fluchtlinge-in-den-medien-21","status":"publish","type":"post","link":"https:\/\/fh-waltrop.de\/index.php\/fluchtlinge-in-den-medien-21\/","title":{"rendered":"Fl\u00fcchtlinge in den Medien"},"content":{"rendered":"<figure id=\"attachment_406\" aria-describedby=\"caption-attachment-406\" style=\"width: 900px\" class=\"wp-caption alignnone\"><a href=\"http:\/\/fh-waltrop.de\/wp-content\/uploads\/2015\/10\/Header_in_den_MedienBW.jpg\"><img loading=\"lazy\" decoding=\"async\" data-attachment-id=\"406\" data-permalink=\"https:\/\/fh-waltrop.de\/index.php\/fluchtlingsrat-nrw-e-v-fordert-einsatz-fur-fluchtlinge-jetzt-erst-recht\/header_in_den_medienbw\/\" data-orig-file=\"https:\/\/fh-waltrop.de\/wp-content\/uploads\/2015\/10\/Header_in_den_MedienBW.jpg\" data-orig-size=\"900,167\" data-comments-opened=\"1\" data-image-meta=\"{&quot;aperture&quot;:&quot;0&quot;,&quot;credit&quot;:&quot;&quot;,&quot;camera&quot;:&quot;Nikon SUPER COOLSCAN 5000 ED&quot;,&quot;caption&quot;:&quot;&quot;,&quot;created_timestamp&quot;:&quot;0&quot;,&quot;copyright&quot;:&quot;&quot;,&quot;focal_length&quot;:&quot;0&quot;,&quot;iso&quot;:&quot;0&quot;,&quot;shutter_speed&quot;:&quot;0&quot;,&quot;title&quot;:&quot;&quot;,&quot;orientation&quot;:&quot;1&quot;}\" data-image-title=\"Header_in_den_MedienBW\" data-image-description=\"\" data-image-caption=\"&lt;p&gt;Foto (c): B. Sch\u00e4fer&lt;\/p&gt;\n\" data-large-file=\"https:\/\/fh-waltrop.de\/wp-content\/uploads\/2015\/10\/Header_in_den_MedienBW.jpg\" class=\"size-full wp-image-406\" src=\"http:\/\/fh-waltrop.de\/wp-content\/uploads\/2015\/10\/Header_in_den_MedienBW.jpg\" alt=\"Foto (c): B. Sch\u00e4fer\" width=\"900\" height=\"167\" srcset=\"https:\/\/fh-waltrop.de\/wp-content\/uploads\/2015\/10\/Header_in_den_MedienBW.jpg 900w, https:\/\/fh-waltrop.de\/wp-content\/uploads\/2015\/10\/Header_in_den_MedienBW-300x56.jpg 300w\" sizes=\"auto, (max-width: 900px) 100vw, 900px\" \/><\/a><figcaption id=\"caption-attachment-406\" class=\"wp-caption-text\">Foto (c): B. Sch\u00e4fer<\/figcaption><\/figure>\n<p style=\"text-align: justify;\">&#8222;Allein im Januar hat die Polizei 33 rechtsextrem motivierte Angriffe auf Fl\u00fcchtlingsheime in NRW gez\u00e4hlt. Mehr als 2014 insgesamt gez\u00e4hlt wurden,&#8220; berichtet die <strong>WAZ<\/strong>:\u00a0<a href=\"http:\/\/www.derwesten.de\/politik\/annaehernd-taeglich-attacken-auf-fluechtlingsheime-in-nrw-id11526011.html\" target=\"_blank\">Ann\u00e4hernd t\u00e4glich Attacken auf Fl\u00fcchtlingsheime in NRW<\/a><\/p>\n<p style=\"text-align: justify;\">&#8222;2015 ver\u00fcbten Rechtsextreme 75 Angriffe auf Abgeordnete oder deren B\u00fcros. Politiker der Linken und der SPD sind offenbar am meisten gef\u00e4hrdet.&#8220; <strong>N-TV<\/strong>:\u00a0<a href=\"http:\/\/www.n-tv.de\/politik\/Bund-verzeichnet-75-Angriffe-auf-Politiker-article16878756.html\" target=\"_blank\">Attacken von Rechts<\/a><\/p>\n<p style=\"text-align: justify;\">&#8222;Brandanschl\u00e4ge haben im Vergleich zum Vorjahr dramatisch zugenommen. Insgesamt hat sich die Zahl der Straftaten gegen Fl\u00fcchtlingsheime verf\u00fcnffacht.&#8220; <strong>FAZ<\/strong>:\u00a0<a href=\"http:\/\/www.faz.net\/aktuell\/politik\/fluechtlingskrise\/bundeskriminalamt-sprunghafter-anstieg-bei-anschlaegen-gegen-fluechtlingsheime-14039614.html\" target=\"_blank\">Sprunghafter Anstieg bei Anschl\u00e4gen gegen Fl\u00fcchtlingsheime<\/a><\/p>\n<p style=\"text-align: justify;\">Gewaltwelle. <strong>SpiegelOnline<\/strong>:\u00a0<a href=\"http:\/\/www.spiegel.de\/politik\/deutschland\/fluechtlingsheime-bundeskriminalamt-zaehlt-mehr-als-1000-attacken-a-1074448.html\" target=\"_blank\">BKA z\u00e4hlt mehr als tausend Attacken auf Fl\u00fcchtlingsheime<\/a><\/p>\n<p style=\"text-align: justify;\">&#8222;Erst Steinw\u00fcrfe und Brands\u00e4tze, jetzt Pistolensch\u00fcsse und eine Handgranate: Angriffe auf Fl\u00fcchtlingsheime werden zu Terror. Rechte Demagogen treiben die T\u00e4ter an.&#8220; <strong>ZeitOnline<\/strong>:\u00a0<a href=\"http:\/\/www.zeit.de\/gesellschaft\/zeitgeschehen\/2016-01\/anschlag-fluechtlingsheim-villingen-schwenningen-hintergrund\" target=\"_blank\">Wenn Hass eskaliert<\/a><\/p>\n<p style=\"text-align: justify;\">&#8222;Immer mehr Menschen wehren sich gegen Drohungen von Rechtsextremisten, weil sie selbst betroffen sind. Endlich merken sie, wie gro\u00df das Rassismus-Problem in Deutschland ist. In Wahrheit ist es das aber schon lange.&#8220; <strong>SpiegelOnline<\/strong>:\u00a0<a href=\"http:\/\/www.spiegel.de\/politik\/deutschland\/rassismus-in-deutschland-wir-wehren-uns-gegen-rechts-kommentar-a-1074581.html#ref=nl-dertag\" target=\"_blank\">Rassismus in Deutschland<\/a><\/p>\n<p style=\"text-align: justify;\">&#8222;Allein am Wochenende wurden in Sachsen f\u00fcnf Fl\u00fcchtlingsunterk\u00fcnfte angegriffen. Leipzigs Polizeipr\u00e4sident spricht von einer neuen Dimension rechtsextremer Gewalt.&#8220; <strong>ZeitOnline<\/strong>:\u00a0<a href=\"http:\/\/www.zeit.de\/politik\/deutschland\/2016-02\/luechtlingsunterkuenfte-anschlaege-sachsen-polizeipraesident\" target=\"_blank\">&#8222;Es herrscht Pogromstimmung&#8220;<\/a><\/p>\n<p style=\"text-align: justify;\">&#8222;Das Prinzip \u201eJeder ist sich selbst der N\u00e4chste\u201c vergiftet auch die Debatte \u00fcber Fl\u00fcchtlinge.&#8220; <strong>Frankfurter Rundschau:<\/strong>\u00a0<a href=\"http:\/\/www.fr-online.de\/gastbeitraege\/neoliberalismus-und-fluechtlinge-volksduemmliche-denksysteme,29976308,33624938.html\" target=\"_blank\">Volksd\u00fcmmliche Denksysteme<\/a><\/p>\n","protected":false},"excerpt":{"rendered":"<p>&#8222;Allein im Januar hat die Polizei 33 rechtsextrem motivierte Angriffe auf Fl\u00fcchtlingsheime in NRW gez\u00e4hlt. Mehr als 2014 insgesamt gez\u00e4hlt wurden,&#8220; berichtet die WAZ:\u00a0Ann\u00e4hernd t\u00e4glich Attacken auf Fl\u00fcchtlingsheime in NRW &#8222;2015 ver\u00fcbten Rechtsextreme 75 Angriffe auf Abgeordnete oder deren B\u00fcros. Politiker der Linken und der SPD sind offenbar am meisten gef\u00e4hrdet.&#8220; N-TV:\u00a0Attacken von Rechts &#8222;Brandanschl\u00e4ge [&hellip;]<\/p>\n","protected":false},"author":4,"featured_media":0,"comment_status":"open","ping_status":"open","sticky":false,"template":"","format":"standard","meta":{"_genesis_hide_title":false,"_genesis_hide_breadcrumbs":false,"_genesis_hide_singular_image":false,"_genesis_hide_footer_widgets":false,"_genesis_custom_body_class":"","_genesis_custom_post_class":"","_genesis_layout":"","ngg_post_thumbnail":0,"jetpack_post_was_ever_published":false,"_jetpack_newsletter_access":"","_jetpack_dont_email_post_to_subs":false,"_jetpack_newsletter_tier_id":0,"_jetpack_memberships_contains_paywalled_content":false,"_jetpack_memberships_contains_paid_content":false,"footnotes":"","jetpack_publicize_message":"","jetpack_publicize_feature_enabled":true,"jetpack_social_post_already_shared":false,"jetpack_social_options":{"image_generator_settings":{"template":"highway","default_image_id":0,"font":"","enabled":false},"version":2}},"categories":[7,3],"tags":[],"class_list":{"0":"post-1181","1":"post","2":"type-post","3":"status-publish","4":"format-standard","6":"category-aus-aller-welt","7":"category-news","8":"entry"},"aioseo_notices":[],"jetpack_publicize_connections":[],"jetpack_featured_media_url":"","jetpack_sharing_enabled":true,"jetpack_shortlink":"https:\/\/wp.me\/pdR32e-j3","jetpack-related-posts":[],"_links":{"self":[{"href":"https:\/\/fh-waltrop.de\/index.php\/wp-json\/wp\/v2\/posts\/1181","targetHints":{"allow":["GET"]}}],"collection":[{"href":"https:\/\/fh-waltrop.de\/index.php\/wp-json\/wp\/v2\/posts"}],"about":[{"href":"https:\/\/fh-waltrop.de\/index.php\/wp-json\/wp\/v2\/types\/post"}],"author":[{"embeddable":true,"href":"https:\/\/fh-waltrop.de\/index.php\/wp-json\/wp\/v2\/users\/4"}],"replies":[{"embeddable":true,"href":"https:\/\/fh-waltrop.de\/index.php\/wp-json\/wp\/v2\/comments?post=1181"}],"version-history":[{"count":0,"href":"https:\/\/fh-waltrop.de\/index.php\/wp-json\/wp\/v2\/posts\/1181\/revisions"}],"wp:attachment":[{"href":"https:\/\/fh-waltrop.de\/index.php\/wp-json\/wp\/v2\/media?parent=1181"}],"wp:term":[{"taxonomy":"category","embeddable":true,"href":"https:\/\/fh-waltrop.de\/index.php\/wp-json\/wp\/v2\/categories?post=1181"},{"taxonomy":"post_tag","embeddable":true,"href":"https:\/\/fh-waltrop.de\/index.php\/wp-json\/wp\/v2\/tags?post=1181"}],"curies":[{"name":"wp","href":"https:\/\/api.w.org\/{rel}","templated":true}]}}