{"id":1290,"date":"2016-03-06T23:45:06","date_gmt":"2016-03-06T22:45:06","guid":{"rendered":"http:\/\/fh-waltrop.de\/?p=1290"},"modified":"2016-03-06T23:45:06","modified_gmt":"2016-03-06T22:45:06","slug":"europaische-stadtekoalition-gegen-rassismus","status":"publish","type":"post","link":"https:\/\/fh-waltrop.de\/index.php\/europaische-stadtekoalition-gegen-rassismus\/","title":{"rendered":"Europ\u00e4ische St\u00e4dtekoalition gegen Rassismus"},"content":{"rendered":"<p style=\"text-align: justify;\"><strong><a href=\"http:\/\/fh-waltrop.de\/wp-content\/uploads\/2015\/09\/D3X8327.jpg\"><img loading=\"lazy\" decoding=\"async\" data-attachment-id=\"501\" data-permalink=\"https:\/\/fh-waltrop.de\/index.php\/photography-2\/demo-waltrop-gegen-rassismus-17\/\" data-orig-file=\"https:\/\/fh-waltrop.de\/wp-content\/uploads\/2015\/09\/D3X8327.jpg\" data-orig-size=\"900,600\" data-comments-opened=\"1\" data-image-meta=\"{&quot;aperture&quot;:&quot;8&quot;,&quot;credit&quot;:&quot;Bernd Schaefer&quot;,&quot;camera&quot;:&quot;NIKON D3X&quot;,&quot;caption&quot;:&quot;&quot;,&quot;created_timestamp&quot;:&quot;1445688335&quot;,&quot;copyright&quot;:&quot;Copyright by Bernd Schaefer&quot;,&quot;focal_length&quot;:&quot;28&quot;,&quot;iso&quot;:&quot;400&quot;,&quot;shutter_speed&quot;:&quot;0.004&quot;,&quot;title&quot;:&quot;Demo Waltrop gegen Rassismus&quot;,&quot;orientation&quot;:&quot;1&quot;}\" data-image-title=\"Demo Waltrop gegen Rassismus\" data-image-description=\"\" data-image-caption=\"\" data-large-file=\"https:\/\/fh-waltrop.de\/wp-content\/uploads\/2015\/09\/D3X8327.jpg\" class=\"alignnone size-full wp-image-501\" src=\"http:\/\/fh-waltrop.de\/wp-content\/uploads\/2015\/09\/D3X8327.jpg\" alt=\"Demo Waltrop gegen Rassismus\" width=\"900\" height=\"600\" srcset=\"https:\/\/fh-waltrop.de\/wp-content\/uploads\/2015\/09\/D3X8327.jpg 900w, https:\/\/fh-waltrop.de\/wp-content\/uploads\/2015\/09\/D3X8327-300x200.jpg 300w\" sizes=\"auto, (max-width: 900px) 100vw, 900px\" \/><\/a><\/strong><\/p>\n<p style=\"text-align: justify;\"><strong>Offener<\/strong><strong> Brief an die demokratischen Initiativen und Parteien in dieser Stadt!<\/strong><\/p>\n<p style=\"text-align: justify;\">\n<p style=\"text-align: justify;\">Wie wir alle wissen, nehmen die rechtsradikalen und fremdenfeindlichen Umtriebe in unserem Land wieder Formen an, die sich nicht nur gegen Sachen richten sondern auch Leben bedrohen. Getragen wird dieser Extremismus durch entsprechende rassistische Diskurse in den digitalen Stammtischen der sogenannten sozialen Medien, von wo aus sie ihre Verl\u00e4ngerungen auf die Stra\u00dfe und in die rechtsextremen Organisationen und Parteien finden. Dieser aggressiven Stimmung sind immer \u00f6fter nicht nur Fl\u00fcchtlinge ausgesetzt, sondern auch die sie unterst\u00fctzenden Helferinnen und Helfer.<\/p>\n<p style=\"text-align: justify;\">Damit wollen wir allerdings nicht in den Kanon einstimmen, dass die \u201eStimmung kippen w\u00fcrde\u201c. Nach wie vor ist die Hilfsbereitschaft in der Bev\u00f6lkerung und die Zustimmung f\u00fcr unsere Arbeit sehr hoch! Die Rassisten, Intoleranten und Fremdenfeinde werden nicht zahlreicher, sie werden nur lauter, aggressiver und gewaltbereiter.<\/p>\n<p style=\"text-align: justify;\">Wir finden deshalb, dass hiergegen eindeutige Zeichen gesetzt werden m\u00fcssen. Beispielsweise durch die Beteiligung der Stadt Waltrop an der europ\u00e4ischen St\u00e4dtekoalition gegen Rassismus. Diese Koalition beruht auf einer Initiative der UNESCO, die sich weltweit in sechs Netzwerken organisiert und geht von der Einsicht aus, dass \u201eDiskriminierung vor Ort entsteht und demnach auch vor Ort bek\u00e4mpft werden muss\u201c.<\/p>\n<p style=\"text-align: justify;\">Zu den deutschen St\u00e4dten der Koalition geh\u00f6ren unter anderem Berlin, Bonn, Dortmund und beispielsweise Hannover, allerdings auch kleinere Kommunen wie Celle, Delmenhorst, Erlangen, Siegen oder Soest. Neben dem symbolischen Wert, der \u00fcber diese Beteiligung manifest w\u00fcrde, ist die Mitgliedschaft an einem \u201eZehn-Punkte-Aktionsplan\u201c gebunden, \u00fcber den praktische antidiskriminierende Aktivit\u00e4ten entwickelt w\u00fcrden. F\u00fcr weitergehende Informationen haben wir unten einige Links angegeben.<\/p>\n<p style=\"text-align: justify;\">Wir sind der Meinung, dass die Stadt Waltrop dieses eindeutige Zeichen setzen sollte und fordern hiermit alle Demokraten auf, im Rat einen entsprechenden Beschluss zu fassen und zu unterst\u00fctzen, um die weitergehenden Ma\u00dfnahmen zu realisieren.<\/p>\n<p style=\"text-align: justify;\"><em>Fl\u00fcchtlingshilfe Waltrop<\/em><\/p>\n<p style=\"text-align: justify;\"><a href=\"https:\/\/www.unesco.de\/wissenschaft\/rassismus\/staedtekoalition.html\">https:\/\/www.unesco.de\/wissenschaft\/rassismus\/staedtekoalition.html<\/a><\/p>\n<p style=\"text-align: justify;\"><a href=\"https:\/\/www.nuernberg.de\/imperia\/md\/menschenrechte\/dokumente\/staedtenetzwerk\/10_ppa_dt.pdf\">https:\/\/www.nuernberg.de\/imperia\/md\/menschenrechte\/dokumente\/staedtenetzwerk\/10_ppa_dt.pdf<\/a><\/p>\n<p style=\"text-align: justify;\"><a href=\"http:\/\/www.unesco.org\/new\/en\/social-and-human-sciences\/themes\/fight-against-discrimination\/coalition-of-cities\/\">http:\/\/www.unesco.org\/new\/en\/social-and-human-sciences\/themes\/fight-against-discrimination\/coalition-of-cities\/<\/a><\/p>\n<p style=\"text-align: justify;\"><a href=\"http:\/\/www.eccar.info\">http:\/\/www.eccar.info<\/a><\/p>\n","protected":false},"excerpt":{"rendered":"<p>Offener Brief an die demokratischen Initiativen und Parteien in dieser Stadt! Wie wir alle wissen, nehmen die rechtsradikalen und fremdenfeindlichen Umtriebe in unserem Land wieder Formen an, die sich nicht nur gegen Sachen richten sondern auch Leben bedrohen. Getragen wird dieser Extremismus durch entsprechende rassistische Diskurse in den digitalen Stammtischen der sogenannten sozialen Medien, von [&hellip;]<\/p>\n","protected":false},"author":4,"featured_media":0,"comment_status":"open","ping_status":"open","sticky":false,"template":"","format":"standard","meta":{"_genesis_hide_title":false,"_genesis_hide_breadcrumbs":false,"_genesis_hide_singular_image":false,"_genesis_hide_footer_widgets":false,"_genesis_custom_body_class":"","_genesis_custom_post_class":"","_genesis_layout":"","ngg_post_thumbnail":0,"jetpack_post_was_ever_published":false,"_jetpack_newsletter_access":"","_jetpack_dont_email_post_to_subs":false,"_jetpack_newsletter_tier_id":0,"_jetpack_memberships_contains_paywalled_content":false,"_jetpack_memberships_contains_paid_content":false,"footnotes":"","jetpack_publicize_message":"","jetpack_publicize_feature_enabled":true,"jetpack_social_post_already_shared":false,"jetpack_social_options":{"image_generator_settings":{"template":"highway","default_image_id":0,"font":"","enabled":false},"version":2}},"categories":[1,6],"tags":[],"class_list":{"0":"post-1290","1":"post","2":"type-post","3":"status-publish","4":"format-standard","6":"category-uncategorized","7":"category-waltrop-und-umgebung","8":"entry"},"aioseo_notices":[],"jetpack_publicize_connections":[],"jetpack_featured_media_url":"","jetpack_sharing_enabled":true,"jetpack_shortlink":"https:\/\/wp.me\/pdR32e-kO","jetpack-related-posts":[],"_links":{"self":[{"href":"https:\/\/fh-waltrop.de\/index.php\/wp-json\/wp\/v2\/posts\/1290","targetHints":{"allow":["GET"]}}],"collection":[{"href":"https:\/\/fh-waltrop.de\/index.php\/wp-json\/wp\/v2\/posts"}],"about":[{"href":"https:\/\/fh-waltrop.de\/index.php\/wp-json\/wp\/v2\/types\/post"}],"author":[{"embeddable":true,"href":"https:\/\/fh-waltrop.de\/index.php\/wp-json\/wp\/v2\/users\/4"}],"replies":[{"embeddable":true,"href":"https:\/\/fh-waltrop.de\/index.php\/wp-json\/wp\/v2\/comments?post=1290"}],"version-history":[{"count":0,"href":"https:\/\/fh-waltrop.de\/index.php\/wp-json\/wp\/v2\/posts\/1290\/revisions"}],"wp:attachment":[{"href":"https:\/\/fh-waltrop.de\/index.php\/wp-json\/wp\/v2\/media?parent=1290"}],"wp:term":[{"taxonomy":"category","embeddable":true,"href":"https:\/\/fh-waltrop.de\/index.php\/wp-json\/wp\/v2\/categories?post=1290"},{"taxonomy":"post_tag","embeddable":true,"href":"https:\/\/fh-waltrop.de\/index.php\/wp-json\/wp\/v2\/tags?post=1290"}],"curies":[{"name":"wp","href":"https:\/\/api.w.org\/{rel}","templated":true}]}}