{"id":1766,"date":"2016-06-23T20:11:46","date_gmt":"2016-06-23T19:11:46","guid":{"rendered":"http:\/\/fh-waltrop.de\/?p=1766"},"modified":"2016-06-23T20:11:46","modified_gmt":"2016-06-23T19:11:46","slug":"preis-soziale-stadt-2016-fur-projekte-in-mulheim-dorsten-und-dortmund","status":"publish","type":"post","link":"https:\/\/fh-waltrop.de\/index.php\/preis-soziale-stadt-2016-fur-projekte-in-mulheim-dorsten-und-dortmund\/","title":{"rendered":"Preis Soziale Stadt 2016 f\u00fcr Projekte in M\u00fclheim, Dorsten und Dortmund"},"content":{"rendered":"<figure id=\"attachment_1767\" aria-describedby=\"caption-attachment-1767\" style=\"width: 200px\" class=\"wp-caption alignleft\"><a href=\"http:\/\/fh-waltrop.de\/wp-content\/uploads\/2016\/06\/csm_Preistraeger_Preis_Soziale_Stadt_2016_bb9d45ef43.jpg\"><img loading=\"lazy\" decoding=\"async\" data-attachment-id=\"1767\" data-permalink=\"https:\/\/fh-waltrop.de\/index.php\/preis-soziale-stadt-2016-fur-projekte-in-mulheim-dorsten-und-dortmund\/csm_preistraeger_preis_soziale_stadt_2016_bb9d45ef43\/\" data-orig-file=\"https:\/\/fh-waltrop.de\/wp-content\/uploads\/2016\/06\/csm_Preistraeger_Preis_Soziale_Stadt_2016_bb9d45ef43.jpg\" data-orig-size=\"200,157\" data-comments-opened=\"1\" data-image-meta=\"{&quot;aperture&quot;:&quot;0&quot;,&quot;credit&quot;:&quot;&quot;,&quot;camera&quot;:&quot;&quot;,&quot;caption&quot;:&quot;&quot;,&quot;created_timestamp&quot;:&quot;0&quot;,&quot;copyright&quot;:&quot;&quot;,&quot;focal_length&quot;:&quot;0&quot;,&quot;iso&quot;:&quot;0&quot;,&quot;shutter_speed&quot;:&quot;0&quot;,&quot;title&quot;:&quot;&quot;,&quot;orientation&quot;:&quot;0&quot;}\" data-image-title=\"csm_Preistraeger_Preis_Soziale_Stadt_2016_bb9d45ef43\" data-image-description=\"\" data-image-caption=\"\" data-large-file=\"https:\/\/fh-waltrop.de\/wp-content\/uploads\/2016\/06\/csm_Preistraeger_Preis_Soziale_Stadt_2016_bb9d45ef43.jpg\" class=\"wp-image-1767 size-full\" src=\"http:\/\/fh-waltrop.de\/wp-content\/uploads\/2016\/06\/csm_Preistraeger_Preis_Soziale_Stadt_2016_bb9d45ef43.jpg\" alt=\"csm_Preistraeger_Preis_Soziale_Stadt_2016_bb9d45ef43\" width=\"200\" height=\"157\" \/><\/a><figcaption id=\"caption-attachment-1767\" class=\"wp-caption-text\">Preisverleihung. Foto: Soziale Stadt<\/figcaption><\/figure>\n<p style=\"text-align: justify;\">Berlin (idr). Der bundesweit verliehene &#8222;Preis Soziale Stadt&#8220; geht in diesem Jahr gleich dreimal ins Ruhrgebiet. Die Auszeichnung f\u00fcr herausragendes soziales Engagement geht u.a. an Projekte in M\u00fclheim, Dorsten und Dortmund. Insgesamt wurden aus 18 nominierten Projekten sechs Gewinner ausgew\u00e4hlt. Die Preisverleihung fand gestern (22. Juni) in Berlin statt.<\/p>\n<p style=\"text-align: justify;\">\nIn der Kategorie &#8222;Integration und inklusives Zusammenleben&#8220; wurde das M\u00fclheimer Projekt &#8222;Fl\u00fcchtlinge als Bereicherung der Nachbarschaft&#8220; ausgezeichnet. Stadt, Nachbarschaftsverein und Wohnungsbaugesellschaft engagieren sich hier f\u00fcr die Quartiersentwicklung im Stadtteil Styrum. Das Dorstener Projekt &#8222;Public. Private. Partnership: Ein Quartier blickt nach vorn&#8220; (Kategorie: B\u00fcrgermitwirkung, Stadtteilleben) \u00fcberzeugte mit Integrationsarbeit in der Zechensiedlung F\u00fcrst Leopold in Dorsten-Hervest. Und die &#8222;Dortmunder Kinderstuben&#8220; wurden f\u00fcr die vorschulische F\u00f6rderung von Kindern mit Zuwanderungsgeschichte in der Nordstadt geehrt (Kategorie: Bildung, Kultur, Gesundheit).<\/p>\n<p style=\"text-align: justify;\">\nDer Wettbewerb &#8222;Preis Soziale Stadt&#8220; ist eine Gemeinschaftsinitiative des AWO Bundesverbands, des Deutschen St\u00e4dtetages, des GdW Bundesverbands deutscher Wohnungs- und Immobilienunternehmen, des Deutschen Mieterbundes und des vhw Bundesverbands f\u00fcr Wohnen und Stadtentwicklung. Er wird durch das Bundesministerium f\u00fcr Umwelt, Naturschutz, Bau und Reaktorsicherheit (BMUB) unterst\u00fctzt.<br \/>\nInfos:\u00a0<a href=\"http:\/\/www.preis-soziale-stadt.de\/\">www.preis-soziale-stadt.de<\/a><\/p>\n","protected":false},"excerpt":{"rendered":"<p>Berlin (idr). Der bundesweit verliehene &#8222;Preis Soziale Stadt&#8220; geht in diesem Jahr gleich dreimal ins Ruhrgebiet. Die Auszeichnung f\u00fcr herausragendes soziales Engagement geht u.a. an Projekte in M\u00fclheim, Dorsten und Dortmund. Insgesamt wurden aus 18 nominierten Projekten sechs Gewinner ausgew\u00e4hlt. Die Preisverleihung fand gestern (22. Juni) in Berlin statt. In der Kategorie &#8222;Integration und inklusives [&hellip;]<\/p>\n","protected":false},"author":4,"featured_media":0,"comment_status":"open","ping_status":"open","sticky":false,"template":"","format":"standard","meta":{"_genesis_hide_title":false,"_genesis_hide_breadcrumbs":false,"_genesis_hide_singular_image":false,"_genesis_hide_footer_widgets":false,"_genesis_custom_body_class":"","_genesis_custom_post_class":"","_genesis_layout":"","ngg_post_thumbnail":0,"jetpack_post_was_ever_published":false,"_jetpack_newsletter_access":"","_jetpack_dont_email_post_to_subs":false,"_jetpack_newsletter_tier_id":0,"_jetpack_memberships_contains_paywalled_content":false,"_jetpack_memberships_contains_paid_content":false,"footnotes":"","jetpack_publicize_message":"","jetpack_publicize_feature_enabled":true,"jetpack_social_post_already_shared":true,"jetpack_social_options":{"image_generator_settings":{"template":"highway","default_image_id":0,"font":"","enabled":false},"version":2}},"categories":[7,3,6],"tags":[],"class_list":{"0":"post-1766","1":"post","2":"type-post","3":"status-publish","4":"format-standard","6":"category-aus-aller-welt","7":"category-news","8":"category-waltrop-und-umgebung","9":"entry"},"aioseo_notices":[],"jetpack_publicize_connections":[],"jetpack_featured_media_url":"","jetpack_sharing_enabled":true,"jetpack_shortlink":"https:\/\/wp.me\/pdR32e-su","jetpack-related-posts":[],"_links":{"self":[{"href":"https:\/\/fh-waltrop.de\/index.php\/wp-json\/wp\/v2\/posts\/1766","targetHints":{"allow":["GET"]}}],"collection":[{"href":"https:\/\/fh-waltrop.de\/index.php\/wp-json\/wp\/v2\/posts"}],"about":[{"href":"https:\/\/fh-waltrop.de\/index.php\/wp-json\/wp\/v2\/types\/post"}],"author":[{"embeddable":true,"href":"https:\/\/fh-waltrop.de\/index.php\/wp-json\/wp\/v2\/users\/4"}],"replies":[{"embeddable":true,"href":"https:\/\/fh-waltrop.de\/index.php\/wp-json\/wp\/v2\/comments?post=1766"}],"version-history":[{"count":0,"href":"https:\/\/fh-waltrop.de\/index.php\/wp-json\/wp\/v2\/posts\/1766\/revisions"}],"wp:attachment":[{"href":"https:\/\/fh-waltrop.de\/index.php\/wp-json\/wp\/v2\/media?parent=1766"}],"wp:term":[{"taxonomy":"category","embeddable":true,"href":"https:\/\/fh-waltrop.de\/index.php\/wp-json\/wp\/v2\/categories?post=1766"},{"taxonomy":"post_tag","embeddable":true,"href":"https:\/\/fh-waltrop.de\/index.php\/wp-json\/wp\/v2\/tags?post=1766"}],"curies":[{"name":"wp","href":"https:\/\/api.w.org\/{rel}","templated":true}]}}