{"id":1804,"date":"2016-07-10T11:39:51","date_gmt":"2016-07-10T10:39:51","guid":{"rendered":"http:\/\/fh-waltrop.de\/?p=1804"},"modified":"2016-09-16T14:23:24","modified_gmt":"2016-09-16T13:23:24","slug":"madelsache-frauen-in-der-rechten-szene","status":"publish","type":"post","link":"https:\/\/fh-waltrop.de\/index.php\/madelsache-frauen-in-der-rechten-szene\/","title":{"rendered":"\u201eM\u00e4delsache\u201c \u2013 Frauen in der rechten Szene"},"content":{"rendered":"<figure id=\"attachment_1805\" aria-describedby=\"caption-attachment-1805\" style=\"width: 900px\" class=\"wp-caption alignnone\"><a href=\"http:\/\/fh-waltrop.de\/wp-content\/uploads\/2016\/07\/2016-06_M\u00e4delsache-Plakat-DIN-A-3_.jpg\"><img loading=\"lazy\" decoding=\"async\" data-attachment-id=\"1805\" data-permalink=\"https:\/\/fh-waltrop.de\/index.php\/madelsache-frauen-in-der-rechten-szene\/2016-06_m%c2%8adelsache-plakat-din-a-3-indd\/\" data-orig-file=\"https:\/\/fh-waltrop.de\/wp-content\/uploads\/2016\/07\/2016-06_M\u00e4delsache-Plakat-DIN-A-3_.jpg\" data-orig-size=\"900,1303\" data-comments-opened=\"1\" data-image-meta=\"{&quot;aperture&quot;:&quot;0&quot;,&quot;credit&quot;:&quot;lwannigmann&quot;,&quot;camera&quot;:&quot;&quot;,&quot;caption&quot;:&quot;&quot;,&quot;created_timestamp&quot;:&quot;0&quot;,&quot;copyright&quot;:&quot;&quot;,&quot;focal_length&quot;:&quot;0&quot;,&quot;iso&quot;:&quot;0&quot;,&quot;shutter_speed&quot;:&quot;0&quot;,&quot;title&quot;:&quot;2016-06_M\\u008adelsache Plakat DIN A 3.indd&quot;,&quot;orientation&quot;:&quot;1&quot;}\" data-image-title=\"2016-06_M\u008adelsache Plakat DIN A 3.indd\" data-image-description=\"\" data-image-caption=\"&lt;p&gt;Bild: \u00a9 Burkhard Neie&lt;\/p&gt;\n\" data-large-file=\"https:\/\/fh-waltrop.de\/wp-content\/uploads\/2016\/07\/2016-06_M\u00e4delsache-Plakat-DIN-A-3_-707x1024.jpg\" class=\"size-full wp-image-1805\" src=\"http:\/\/fh-waltrop.de\/wp-content\/uploads\/2016\/07\/2016-06_M\u00e4delsache-Plakat-DIN-A-3_.jpg\" alt=\"Bild: \u00a9 Burkhard Neie \" width=\"900\" height=\"1303\" srcset=\"https:\/\/fh-waltrop.de\/wp-content\/uploads\/2016\/07\/2016-06_M\u00e4delsache-Plakat-DIN-A-3_.jpg 900w, https:\/\/fh-waltrop.de\/wp-content\/uploads\/2016\/07\/2016-06_M\u00e4delsache-Plakat-DIN-A-3_-207x300.jpg 207w, https:\/\/fh-waltrop.de\/wp-content\/uploads\/2016\/07\/2016-06_M\u00e4delsache-Plakat-DIN-A-3_-768x1112.jpg 768w, https:\/\/fh-waltrop.de\/wp-content\/uploads\/2016\/07\/2016-06_M\u00e4delsache-Plakat-DIN-A-3_-707x1024.jpg 707w\" sizes=\"auto, (max-width: 900px) 100vw, 900px\" \/><\/a><figcaption id=\"caption-attachment-1805\" class=\"wp-caption-text\">Bild: \u00a9 Burkhard Neie<\/figcaption><\/figure>\n<p style=\"text-align: justify;\">\u201eFrauen in der rechten Szene\u201c ist das Thema einer Vortragsveranstaltung, zu der die Stadt Waltrop im Rahmen ihrer Teilnahme am Bundesprogramm \u201eDemokratie leben \u2013 Aktiv gegen Rechtsextremismus, Gewalt und Menschenfeindlichkeit\u201c einl\u00e4dt. Die Journalistin Andrea R\u00f6pke referiert dar\u00fcber, welche Rollen Frauen in der Neonazi-Bewegung einnehmen und versuchen unter dem Deckmantel sozialer Themen rechtsradikale Politik durchzusetzen.<\/p>\n<p style=\"text-align: justify;\">Mit Andrea R\u00f6pke ist es gelungen, eine ausgewiesene Expertin f\u00fcr die Veranstaltung zu gewinnen. Ihre umfangreichen Kenntnisse basieren auf Insiderinformationen und aufwendigen pers\u00f6nlichen Recherchen. F\u00fcr ihre Ver\u00f6ffentlichungen wurde sie vielfach ausgezeichnet. F\u00fcr den Untersuchungsausschuss im NSU-Prozess ist sie als Gutachterin t\u00e4tig.<\/p>\n<p style=\"text-align: justify;\">In ihrem gemeinsam mit Andreas Speit verfassten Buch \u201eM\u00e4delsache!\u201c findet sich eine Vielzahl von Fakten und Ereignissen, die verdeutlichen, mit welchen Strategien rechtsradikale Frauen in der Gesellschaft agieren. Auch die Geschichte der Beate Zsch\u00e4pe ist Teil der Bestandsaufnahme der Autoren.<\/p>\n<h3><strong><span style=\"color: #ff0000;\">\u201eFrauen in der rechten Szene\u201c<\/span><\/strong><\/h3>\n<h3><strong>Vortragsveranstaltung im Yahoo\u00a0mit Expertin Andrea R\u00f6pke<\/strong><\/h3>\n<h3><strong style=\"font-size: 16px;\"><span style=\"color: #ff0000;\">Dienstag, 13. September 2016 | 18 Uhr | Eintritt frei!<\/span><\/strong><\/h3>\n<h3><strong><span style=\"color: #ff0000;\">Jugendcaf\u00e9 Yahoo | Hochstra\u00dfe 50 | 45731 Waltrop<\/span><\/strong><\/h3>\n<p style=\"text-align: justify;\"><span style=\"text-decoration: underline;\">Ausladungsklausel:<\/span> Die Veranstalter_innen behalten sich vor, von ihrem Hausrecht Gebrauch zu machen und Personen, die rechten Parteien oder Organisationen angeh\u00f6ren, der rechten Szene zuzuordnen sind oder bereits in der Vergangenheit durch rassistische, nationalistische, antisemitische oder sonstige menschenverachtende \u00c4u\u00dferungen oder Taten in Erscheinung getreten sind, den Zutritt zur Veranstaltung zu verwehren oder von dieser auszuschlie\u00dfen.<\/p>\n","protected":false},"excerpt":{"rendered":"<p>\u201eFrauen in der rechten Szene\u201c ist das Thema einer Vortragsveranstaltung, zu der die Stadt Waltrop im Rahmen ihrer Teilnahme am Bundesprogramm \u201eDemokratie leben \u2013 Aktiv gegen Rechtsextremismus, Gewalt und Menschenfeindlichkeit\u201c einl\u00e4dt. Die Journalistin Andrea R\u00f6pke referiert dar\u00fcber, welche Rollen Frauen in der Neonazi-Bewegung einnehmen und versuchen unter dem Deckmantel sozialer Themen rechtsradikale Politik durchzusetzen. Mit [&hellip;]<\/p>\n","protected":false},"author":4,"featured_media":0,"comment_status":"open","ping_status":"open","sticky":false,"template":"","format":"standard","meta":{"_genesis_hide_title":false,"_genesis_hide_breadcrumbs":false,"_genesis_hide_singular_image":false,"_genesis_hide_footer_widgets":false,"_genesis_custom_body_class":"","_genesis_custom_post_class":"","_genesis_layout":"","ngg_post_thumbnail":0,"jetpack_post_was_ever_published":false,"_jetpack_newsletter_access":"","_jetpack_dont_email_post_to_subs":false,"_jetpack_newsletter_tier_id":0,"_jetpack_memberships_contains_paywalled_content":false,"_jetpack_memberships_contains_paid_content":false,"footnotes":"","jetpack_publicize_message":"","jetpack_publicize_feature_enabled":true,"jetpack_social_post_already_shared":true,"jetpack_social_options":{"image_generator_settings":{"template":"highway","default_image_id":0,"font":"","enabled":false},"version":2}},"categories":[3,6],"tags":[],"class_list":{"0":"post-1804","1":"post","2":"type-post","3":"status-publish","4":"format-standard","6":"category-news","7":"category-waltrop-und-umgebung","8":"entry"},"aioseo_notices":[],"jetpack_publicize_connections":[],"jetpack_featured_media_url":"","jetpack_sharing_enabled":true,"jetpack_shortlink":"https:\/\/wp.me\/pdR32e-t6","jetpack-related-posts":[],"_links":{"self":[{"href":"https:\/\/fh-waltrop.de\/index.php\/wp-json\/wp\/v2\/posts\/1804","targetHints":{"allow":["GET"]}}],"collection":[{"href":"https:\/\/fh-waltrop.de\/index.php\/wp-json\/wp\/v2\/posts"}],"about":[{"href":"https:\/\/fh-waltrop.de\/index.php\/wp-json\/wp\/v2\/types\/post"}],"author":[{"embeddable":true,"href":"https:\/\/fh-waltrop.de\/index.php\/wp-json\/wp\/v2\/users\/4"}],"replies":[{"embeddable":true,"href":"https:\/\/fh-waltrop.de\/index.php\/wp-json\/wp\/v2\/comments?post=1804"}],"version-history":[{"count":0,"href":"https:\/\/fh-waltrop.de\/index.php\/wp-json\/wp\/v2\/posts\/1804\/revisions"}],"wp:attachment":[{"href":"https:\/\/fh-waltrop.de\/index.php\/wp-json\/wp\/v2\/media?parent=1804"}],"wp:term":[{"taxonomy":"category","embeddable":true,"href":"https:\/\/fh-waltrop.de\/index.php\/wp-json\/wp\/v2\/categories?post=1804"},{"taxonomy":"post_tag","embeddable":true,"href":"https:\/\/fh-waltrop.de\/index.php\/wp-json\/wp\/v2\/tags?post=1804"}],"curies":[{"name":"wp","href":"https:\/\/api.w.org\/{rel}","templated":true}]}}