{"id":1829,"date":"2016-07-14T14:59:03","date_gmt":"2016-07-14T13:59:03","guid":{"rendered":"http:\/\/fh-waltrop.de\/?p=1829"},"modified":"2016-07-14T14:59:03","modified_gmt":"2016-07-14T13:59:03","slug":"neue-anlaufstelle-fur-fluchtlinge-in-essen","status":"publish","type":"post","link":"https:\/\/fh-waltrop.de\/index.php\/neue-anlaufstelle-fur-fluchtlinge-in-essen\/","title":{"rendered":"Neue Anlaufstelle f\u00fcr Fl\u00fcchtlinge in Essen"},"content":{"rendered":"<p style=\"text-align: justify;\"><a href=\"http:\/\/fh-waltrop.de\/wp-content\/uploads\/2015\/12\/Essen-Skyline.jpg\"><img loading=\"lazy\" decoding=\"async\" data-attachment-id=\"882\" data-permalink=\"https:\/\/fh-waltrop.de\/index.php\/stadt-essen-entwickelt-stadtebauliche-strategie-zur-unterbringung-von-fluchtlingen\/essen-skyline\/\" data-orig-file=\"https:\/\/fh-waltrop.de\/wp-content\/uploads\/2015\/12\/Essen-Skyline.jpg\" data-orig-size=\"900,572\" data-comments-opened=\"1\" data-image-meta=\"{&quot;aperture&quot;:&quot;0&quot;,&quot;credit&quot;:&quot;&quot;,&quot;camera&quot;:&quot;&quot;,&quot;caption&quot;:&quot;&quot;,&quot;created_timestamp&quot;:&quot;0&quot;,&quot;copyright&quot;:&quot;&quot;,&quot;focal_length&quot;:&quot;0&quot;,&quot;iso&quot;:&quot;0&quot;,&quot;shutter_speed&quot;:&quot;0&quot;,&quot;title&quot;:&quot;&quot;,&quot;orientation&quot;:&quot;0&quot;}\" data-image-title=\"Essen Skyline\" data-image-description=\"\" data-image-caption=\"\" data-large-file=\"https:\/\/fh-waltrop.de\/wp-content\/uploads\/2015\/12\/Essen-Skyline.jpg\" class=\"wp-image-882 alignleft\" src=\"http:\/\/fh-waltrop.de\/wp-content\/uploads\/2015\/12\/Essen-Skyline.jpg\" alt=\"Essen Skyline\" width=\"268\" height=\"170\" srcset=\"https:\/\/fh-waltrop.de\/wp-content\/uploads\/2015\/12\/Essen-Skyline.jpg 900w, https:\/\/fh-waltrop.de\/wp-content\/uploads\/2015\/12\/Essen-Skyline-300x191.jpg 300w\" sizes=\"auto, (max-width: 268px) 100vw, 268px\" \/><\/a>Essen (idr). Die Stadt Essen hat ein neues &#8222;Refugee Center&#8220; er\u00f6ffnet, das gr\u00f6\u00dfere Kapazit\u00e4ten f\u00fcr die Betreuung von Fl\u00fcchtlingen und Asylbewerbern bietet. In dem eigens angemieteten Trakt stehen 20 Arbeitspl\u00e4tze zur Verf\u00fcgung. Hier werden neu zugewiesene Fl\u00fcchtlinge empfangen, Asylleistungsantr\u00e4ge entgegengenommen und Asylbewerber bei der Anmietung von Wohnungen unterst\u00fctzt. Derzeit werden in Essen rund 9.000 Asylbewerber durch das Amt f\u00fcr Soziales und Wohnen betreut. Seit Juni werden jeden Monat 100 Neuank\u00f6mmlinge in Empfang genommen.<\/p>\n<p style=\"text-align: justify;\">\nInfos unter\u00a0<a href=\"http:\/\/www.essen.de\/\">www.essen.de<\/a><\/p>\n","protected":false},"excerpt":{"rendered":"<p>Essen (idr). Die Stadt Essen hat ein neues &#8222;Refugee Center&#8220; er\u00f6ffnet, das gr\u00f6\u00dfere Kapazit\u00e4ten f\u00fcr die Betreuung von Fl\u00fcchtlingen und Asylbewerbern bietet. In dem eigens angemieteten Trakt stehen 20 Arbeitspl\u00e4tze zur Verf\u00fcgung. Hier werden neu zugewiesene Fl\u00fcchtlinge empfangen, Asylleistungsantr\u00e4ge entgegengenommen und Asylbewerber bei der Anmietung von Wohnungen unterst\u00fctzt. Derzeit werden in Essen rund 9.000 Asylbewerber [&hellip;]<\/p>\n","protected":false},"author":4,"featured_media":0,"comment_status":"open","ping_status":"open","sticky":false,"template":"","format":"standard","meta":{"_genesis_hide_title":false,"_genesis_hide_breadcrumbs":false,"_genesis_hide_singular_image":false,"_genesis_hide_footer_widgets":false,"_genesis_custom_body_class":"","_genesis_custom_post_class":"","_genesis_layout":"","ngg_post_thumbnail":0,"jetpack_post_was_ever_published":false,"_jetpack_newsletter_access":"","_jetpack_dont_email_post_to_subs":false,"_jetpack_newsletter_tier_id":0,"_jetpack_memberships_contains_paywalled_content":false,"_jetpack_memberships_contains_paid_content":false,"footnotes":"","jetpack_publicize_message":"","jetpack_publicize_feature_enabled":true,"jetpack_social_post_already_shared":true,"jetpack_social_options":{"image_generator_settings":{"template":"highway","default_image_id":0,"font":"","enabled":false},"version":2}},"categories":[3,6],"tags":[],"class_list":{"0":"post-1829","1":"post","2":"type-post","3":"status-publish","4":"format-standard","6":"category-news","7":"category-waltrop-und-umgebung","8":"entry"},"aioseo_notices":[],"jetpack_publicize_connections":[],"jetpack_featured_media_url":"","jetpack_sharing_enabled":true,"jetpack_shortlink":"https:\/\/wp.me\/pdR32e-tv","jetpack-related-posts":[],"_links":{"self":[{"href":"https:\/\/fh-waltrop.de\/index.php\/wp-json\/wp\/v2\/posts\/1829","targetHints":{"allow":["GET"]}}],"collection":[{"href":"https:\/\/fh-waltrop.de\/index.php\/wp-json\/wp\/v2\/posts"}],"about":[{"href":"https:\/\/fh-waltrop.de\/index.php\/wp-json\/wp\/v2\/types\/post"}],"author":[{"embeddable":true,"href":"https:\/\/fh-waltrop.de\/index.php\/wp-json\/wp\/v2\/users\/4"}],"replies":[{"embeddable":true,"href":"https:\/\/fh-waltrop.de\/index.php\/wp-json\/wp\/v2\/comments?post=1829"}],"version-history":[{"count":0,"href":"https:\/\/fh-waltrop.de\/index.php\/wp-json\/wp\/v2\/posts\/1829\/revisions"}],"wp:attachment":[{"href":"https:\/\/fh-waltrop.de\/index.php\/wp-json\/wp\/v2\/media?parent=1829"}],"wp:term":[{"taxonomy":"category","embeddable":true,"href":"https:\/\/fh-waltrop.de\/index.php\/wp-json\/wp\/v2\/categories?post=1829"},{"taxonomy":"post_tag","embeddable":true,"href":"https:\/\/fh-waltrop.de\/index.php\/wp-json\/wp\/v2\/tags?post=1829"}],"curies":[{"name":"wp","href":"https:\/\/api.w.org\/{rel}","templated":true}]}}