{"id":1839,"date":"2016-07-24T21:54:53","date_gmt":"2016-07-24T20:54:53","guid":{"rendered":"http:\/\/fh-waltrop.de\/?p=1839"},"modified":"2016-07-24T21:56:31","modified_gmt":"2016-07-24T20:56:31","slug":"stiftung-mercator-bewilligte-rund-60-millionen-euro","status":"publish","type":"post","link":"https:\/\/fh-waltrop.de\/index.php\/stiftung-mercator-bewilligte-rund-60-millionen-euro\/","title":{"rendered":"Stiftung Mercator bewilligte rund 60 Millionen Euro"},"content":{"rendered":"<figure id=\"attachment_505\" aria-describedby=\"caption-attachment-505\" style=\"width: 900px\" class=\"wp-caption alignnone\"><a href=\"http:\/\/fh-waltrop.de\/wp-content\/uploads\/2015\/09\/D3X8362.jpg\"><img loading=\"lazy\" decoding=\"async\" data-attachment-id=\"505\" data-permalink=\"https:\/\/fh-waltrop.de\/index.php\/photography-2\/demo-waltrop-gegen-rassismus-21\/\" data-orig-file=\"https:\/\/fh-waltrop.de\/wp-content\/uploads\/2015\/09\/D3X8362.jpg\" data-orig-size=\"900,600\" data-comments-opened=\"1\" data-image-meta=\"{&quot;aperture&quot;:&quot;8&quot;,&quot;credit&quot;:&quot;Bernd Schaefer&quot;,&quot;camera&quot;:&quot;NIKON D3X&quot;,&quot;caption&quot;:&quot;&quot;,&quot;created_timestamp&quot;:&quot;1445689061&quot;,&quot;copyright&quot;:&quot;Copyright by Bernd Schaefer&quot;,&quot;focal_length&quot;:&quot;28&quot;,&quot;iso&quot;:&quot;400&quot;,&quot;shutter_speed&quot;:&quot;0.005&quot;,&quot;title&quot;:&quot;Demo Waltrop gegen Rassismus&quot;,&quot;orientation&quot;:&quot;1&quot;}\" data-image-title=\"Demo Waltrop gegen Rassismus\" data-image-description=\"\" data-image-caption=\"&lt;p&gt;Foto (c): B. Sch\u00e4fer&lt;\/p&gt;\n\" data-large-file=\"https:\/\/fh-waltrop.de\/wp-content\/uploads\/2015\/09\/D3X8362.jpg\" class=\"size-full wp-image-505\" src=\"http:\/\/fh-waltrop.de\/wp-content\/uploads\/2015\/09\/D3X8362.jpg\" alt=\"Foto (c): B. Sch\u00e4fer\" width=\"900\" height=\"600\" srcset=\"https:\/\/fh-waltrop.de\/wp-content\/uploads\/2015\/09\/D3X8362.jpg 900w, https:\/\/fh-waltrop.de\/wp-content\/uploads\/2015\/09\/D3X8362-300x200.jpg 300w\" sizes=\"auto, (max-width: 900px) 100vw, 900px\" \/><\/a><figcaption id=\"caption-attachment-505\" class=\"wp-caption-text\">Foto (c): B. Sch\u00e4fer<\/figcaption><\/figure>\n<p style=\"text-align: justify;\">Essen (idr). 60 Millionen Euro f\u00fcr 131 Projekte &#8211; das ist die Bilanz der in Essen ans\u00e4ssigen Stiftung Mercator f\u00fcr das vergangene Jahr. Zu den wichtigsten Themenfeldern des Jahres geh\u00f6rte die Integration: Insgesamt rund 13,5 Millionen Euro F\u00f6rdersumme wurden f\u00fcr das Themencluster bewilligt. Damit wurden z.B. Projekte der Sprachf\u00f6rderung ausgebaut. Das Thema Fl\u00fcchtlinge und Integration spielte auch im neuen Themencluster Europa eine gro\u00dfe Rolle. Das Cluster konnte seine Arbeit mit rund 16,5 Millionen Euro verst\u00e4rken.<\/p>\n<p style=\"text-align: justify;\">\nInsgesamt hat die Mercator-Stiftung seit Beginn ihrer T\u00e4tigkeit etwa 464 Millionen Euro f\u00fcr rund 1.200 Projekte bereitgestellt.<br \/>\nInfos unter\u00a0<a href=\"http:\/\/www.stiftung-mercator.de\/\">www.stiftung-mercator.de<\/a><\/p>\n","protected":false},"excerpt":{"rendered":"<p>Essen (idr). 60 Millionen Euro f\u00fcr 131 Projekte &#8211; das ist die Bilanz der in Essen ans\u00e4ssigen Stiftung Mercator f\u00fcr das vergangene Jahr. Zu den wichtigsten Themenfeldern des Jahres geh\u00f6rte die Integration: Insgesamt rund 13,5 Millionen Euro F\u00f6rdersumme wurden f\u00fcr das Themencluster bewilligt. Damit wurden z.B. Projekte der Sprachf\u00f6rderung ausgebaut. Das Thema Fl\u00fcchtlinge und Integration [&hellip;]<\/p>\n","protected":false},"author":4,"featured_media":0,"comment_status":"open","ping_status":"open","sticky":false,"template":"","format":"standard","meta":{"_genesis_hide_title":false,"_genesis_hide_breadcrumbs":false,"_genesis_hide_singular_image":false,"_genesis_hide_footer_widgets":false,"_genesis_custom_body_class":"","_genesis_custom_post_class":"","_genesis_layout":"","ngg_post_thumbnail":0,"jetpack_post_was_ever_published":false,"_jetpack_newsletter_access":"","_jetpack_dont_email_post_to_subs":false,"_jetpack_newsletter_tier_id":0,"_jetpack_memberships_contains_paywalled_content":false,"_jetpack_memberships_contains_paid_content":false,"footnotes":"","jetpack_publicize_message":"","jetpack_publicize_feature_enabled":true,"jetpack_social_post_already_shared":true,"jetpack_social_options":{"image_generator_settings":{"template":"highway","default_image_id":0,"font":"","enabled":false},"version":2}},"categories":[3,6],"tags":[],"class_list":{"0":"post-1839","1":"post","2":"type-post","3":"status-publish","4":"format-standard","6":"category-news","7":"category-waltrop-und-umgebung","8":"entry"},"aioseo_notices":[],"jetpack_publicize_connections":[],"jetpack_featured_media_url":"","jetpack_sharing_enabled":true,"jetpack_shortlink":"https:\/\/wp.me\/pdR32e-tF","jetpack-related-posts":[],"_links":{"self":[{"href":"https:\/\/fh-waltrop.de\/index.php\/wp-json\/wp\/v2\/posts\/1839","targetHints":{"allow":["GET"]}}],"collection":[{"href":"https:\/\/fh-waltrop.de\/index.php\/wp-json\/wp\/v2\/posts"}],"about":[{"href":"https:\/\/fh-waltrop.de\/index.php\/wp-json\/wp\/v2\/types\/post"}],"author":[{"embeddable":true,"href":"https:\/\/fh-waltrop.de\/index.php\/wp-json\/wp\/v2\/users\/4"}],"replies":[{"embeddable":true,"href":"https:\/\/fh-waltrop.de\/index.php\/wp-json\/wp\/v2\/comments?post=1839"}],"version-history":[{"count":0,"href":"https:\/\/fh-waltrop.de\/index.php\/wp-json\/wp\/v2\/posts\/1839\/revisions"}],"wp:attachment":[{"href":"https:\/\/fh-waltrop.de\/index.php\/wp-json\/wp\/v2\/media?parent=1839"}],"wp:term":[{"taxonomy":"category","embeddable":true,"href":"https:\/\/fh-waltrop.de\/index.php\/wp-json\/wp\/v2\/categories?post=1839"},{"taxonomy":"post_tag","embeddable":true,"href":"https:\/\/fh-waltrop.de\/index.php\/wp-json\/wp\/v2\/tags?post=1839"}],"curies":[{"name":"wp","href":"https:\/\/api.w.org\/{rel}","templated":true}]}}