{"id":1939,"date":"2016-08-23T22:38:11","date_gmt":"2016-08-23T21:38:11","guid":{"rendered":"http:\/\/fh-waltrop.de\/?p=1939"},"modified":"2016-08-23T22:38:11","modified_gmt":"2016-08-23T21:38:11","slug":"kirchenasyl-in-munster-gewaltsam-geraumt","status":"publish","type":"post","link":"https:\/\/fh-waltrop.de\/index.php\/kirchenasyl-in-munster-gewaltsam-geraumt\/","title":{"rendered":"Kirchenasyl in M\u00fcnster gewaltsam ger\u00e4umt"},"content":{"rendered":"<figure id=\"attachment_406\" aria-describedby=\"caption-attachment-406\" style=\"width: 900px\" class=\"wp-caption alignnone\"><a href=\"http:\/\/fh-waltrop.de\/wp-content\/uploads\/2015\/10\/Header_in_den_MedienBW.jpg\"><img loading=\"lazy\" decoding=\"async\" data-attachment-id=\"406\" data-permalink=\"https:\/\/fh-waltrop.de\/index.php\/fluchtlingsrat-nrw-e-v-fordert-einsatz-fur-fluchtlinge-jetzt-erst-recht\/header_in_den_medienbw\/\" data-orig-file=\"https:\/\/fh-waltrop.de\/wp-content\/uploads\/2015\/10\/Header_in_den_MedienBW.jpg\" data-orig-size=\"900,167\" data-comments-opened=\"1\" data-image-meta=\"{&quot;aperture&quot;:&quot;0&quot;,&quot;credit&quot;:&quot;&quot;,&quot;camera&quot;:&quot;Nikon SUPER COOLSCAN 5000 ED&quot;,&quot;caption&quot;:&quot;&quot;,&quot;created_timestamp&quot;:&quot;0&quot;,&quot;copyright&quot;:&quot;&quot;,&quot;focal_length&quot;:&quot;0&quot;,&quot;iso&quot;:&quot;0&quot;,&quot;shutter_speed&quot;:&quot;0&quot;,&quot;title&quot;:&quot;&quot;,&quot;orientation&quot;:&quot;1&quot;}\" data-image-title=\"Header_in_den_MedienBW\" data-image-description=\"\" data-image-caption=\"&lt;p&gt;Foto (c): B. Sch\u00e4fer&lt;\/p&gt;\n\" data-large-file=\"https:\/\/fh-waltrop.de\/wp-content\/uploads\/2015\/10\/Header_in_den_MedienBW.jpg\" class=\"size-full wp-image-406\" src=\"http:\/\/fh-waltrop.de\/wp-content\/uploads\/2015\/10\/Header_in_den_MedienBW.jpg\" alt=\"Foto (c): B. Sch\u00e4fer\" width=\"900\" height=\"167\" srcset=\"https:\/\/fh-waltrop.de\/wp-content\/uploads\/2015\/10\/Header_in_den_MedienBW.jpg 900w, https:\/\/fh-waltrop.de\/wp-content\/uploads\/2015\/10\/Header_in_den_MedienBW-300x56.jpg 300w\" sizes=\"auto, (max-width: 900px) 100vw, 900px\" \/><\/a><figcaption id=\"caption-attachment-406\" class=\"wp-caption-text\">Foto (c): B. Sch\u00e4fer<\/figcaption><\/figure>\n<p style=\"text-align: justify;\">Heute, am 23.8.16, um acht Uhr morgens hat die Polizei im Kapuzinerkloster in M\u00fcnster den sich dort seit Juli im Kirchenasyl befindenden ghanaischen Fl\u00fcchtling Issa A. vor den Augen des Guardians der Kapuziner Br. Markus Th\u00fcer aus den R\u00e4umlichkeiten des Klosters abgef\u00fchrt. Dies geschah unter Anwendung von Gewalt und Handschellen. Br. Markus zeigte sich schockiert und entsetzt \u00fcber dieses Vorgehen: \u201eMit so einem Vorgehen habe ich nun wirklich nicht gerechnet\u201c, so Th\u00fcer.<\/p>\n<p style=\"text-align: justify;\">Die R\u00e4umung eines Kirchenasyls in Nordrhein-Westfalen ist ein ungeheuerlicher und in dieser Form einmaliger Vorgang. \u201eDer Innenminister von NRW, Ralf J\u00e4ger, hatte mir bereits 2015 in einem pers\u00f6nlichen Gespr\u00e4ch zugesichert, dass die Polizei in NRW keine Kirchenasyle brechen wird\u201c, so der Gesch\u00e4ftsf\u00fchrer von Asyl in der Kirche e.V. Thomas Fl\u00f6rchinger, \u201egenau das ist hier heute aber passiert.\u201c<\/p>\n<p style=\"text-align: justify;\">Auch Dr. Julia Lis vom Netzwerk Kirchenasyl M\u00fcnster zeigte sich entsetzt \u00fcber das Vorgehen von Polizei und Beh\u00f6rden in diesem Fall: \u201eWir waren gerade dabei, die Dokumentation des Falles an die zust\u00e4ndigen Stellen weiterzuleiten. Dass diese Vorg\u00e4nge nicht abgewartet wurden und stattdessen die Ausl\u00e4nderbeh\u00f6rde ein derart massives und brutales Vorgehen ohne jegliche Dialogbereitschaft durchsetzt, ist ungeheuerlich. Herr A. wurde wie ein Schwerverbrecher behandelt, dabei ist er ein Bed\u00fcrftiger, der sich hier Schutz erhofft hat.\u201c<\/p>\n","protected":false},"excerpt":{"rendered":"<p>Heute, am 23.8.16, um acht Uhr morgens hat die Polizei im Kapuzinerkloster in M\u00fcnster den sich dort seit Juli im Kirchenasyl befindenden ghanaischen Fl\u00fcchtling Issa A. vor den Augen des Guardians der Kapuziner Br. Markus Th\u00fcer aus den R\u00e4umlichkeiten des Klosters abgef\u00fchrt. Dies geschah unter Anwendung von Gewalt und Handschellen. Br. Markus zeigte sich schockiert [&hellip;]<\/p>\n","protected":false},"author":4,"featured_media":0,"comment_status":"open","ping_status":"open","sticky":false,"template":"","format":"standard","meta":{"_genesis_hide_title":false,"_genesis_hide_breadcrumbs":false,"_genesis_hide_singular_image":false,"_genesis_hide_footer_widgets":false,"_genesis_custom_body_class":"","_genesis_custom_post_class":"","_genesis_layout":"","ngg_post_thumbnail":0,"jetpack_post_was_ever_published":false,"_jetpack_newsletter_access":"","_jetpack_dont_email_post_to_subs":false,"_jetpack_newsletter_tier_id":0,"_jetpack_memberships_contains_paywalled_content":false,"_jetpack_memberships_contains_paid_content":false,"footnotes":"","jetpack_publicize_message":"","jetpack_publicize_feature_enabled":true,"jetpack_social_post_already_shared":true,"jetpack_social_options":{"image_generator_settings":{"template":"highway","default_image_id":0,"font":"","enabled":false},"version":2}},"categories":[3,6],"tags":[],"class_list":{"0":"post-1939","1":"post","2":"type-post","3":"status-publish","4":"format-standard","6":"category-news","7":"category-waltrop-und-umgebung","8":"entry"},"aioseo_notices":[],"jetpack_publicize_connections":[],"jetpack_featured_media_url":"","jetpack_sharing_enabled":true,"jetpack_shortlink":"https:\/\/wp.me\/pdR32e-vh","jetpack-related-posts":[],"_links":{"self":[{"href":"https:\/\/fh-waltrop.de\/index.php\/wp-json\/wp\/v2\/posts\/1939","targetHints":{"allow":["GET"]}}],"collection":[{"href":"https:\/\/fh-waltrop.de\/index.php\/wp-json\/wp\/v2\/posts"}],"about":[{"href":"https:\/\/fh-waltrop.de\/index.php\/wp-json\/wp\/v2\/types\/post"}],"author":[{"embeddable":true,"href":"https:\/\/fh-waltrop.de\/index.php\/wp-json\/wp\/v2\/users\/4"}],"replies":[{"embeddable":true,"href":"https:\/\/fh-waltrop.de\/index.php\/wp-json\/wp\/v2\/comments?post=1939"}],"version-history":[{"count":0,"href":"https:\/\/fh-waltrop.de\/index.php\/wp-json\/wp\/v2\/posts\/1939\/revisions"}],"wp:attachment":[{"href":"https:\/\/fh-waltrop.de\/index.php\/wp-json\/wp\/v2\/media?parent=1939"}],"wp:term":[{"taxonomy":"category","embeddable":true,"href":"https:\/\/fh-waltrop.de\/index.php\/wp-json\/wp\/v2\/categories?post=1939"},{"taxonomy":"post_tag","embeddable":true,"href":"https:\/\/fh-waltrop.de\/index.php\/wp-json\/wp\/v2\/tags?post=1939"}],"curies":[{"name":"wp","href":"https:\/\/api.w.org\/{rel}","templated":true}]}}