{"id":2031,"date":"2016-10-11T09:29:06","date_gmt":"2016-10-11T08:29:06","guid":{"rendered":"http:\/\/fh-waltrop.de\/?p=2031"},"modified":"2016-10-11T09:29:06","modified_gmt":"2016-10-11T08:29:06","slug":"bekanntmachung-uber-die-anmeldung-der-schulneulinge-in-der-stadt-waltrop-fur-das-schuljahr-2017-2018","status":"publish","type":"post","link":"https:\/\/fh-waltrop.de\/index.php\/bekanntmachung-uber-die-anmeldung-der-schulneulinge-in-der-stadt-waltrop-fur-das-schuljahr-2017-2018\/","title":{"rendered":"Bekanntmachung \u00fcber die Anmeldung der Schulneulinge in der Stadt Waltrop f\u00fcr das Schuljahr 2017 \/ 2018"},"content":{"rendered":"<div class=\"page\" title=\"Page 13\">\n<div class=\"layoutArea\">\n<div class=\"column\">\n<p style=\"text-align: justify;\"><a href=\"http:\/\/fh-waltrop.de\/wp-content\/uploads\/2015\/10\/cropped-keinplatz.jpg\"><img loading=\"lazy\" decoding=\"async\" data-attachment-id=\"1221\" data-permalink=\"https:\/\/fh-waltrop.de\/index.php\/duisburg-und-dortmund-nehmen-an-modellprojekt-zur-gesundheitsversorgung-von-zuwanderern-teil\/cropped-keinplatz-jpg\/\" data-orig-file=\"https:\/\/fh-waltrop.de\/wp-content\/uploads\/2015\/10\/cropped-keinplatz.jpg\" data-orig-size=\"512,512\" data-comments-opened=\"1\" data-image-meta=\"{&quot;aperture&quot;:&quot;0&quot;,&quot;credit&quot;:&quot;&quot;,&quot;camera&quot;:&quot;&quot;,&quot;caption&quot;:&quot;&quot;,&quot;created_timestamp&quot;:&quot;0&quot;,&quot;copyright&quot;:&quot;&quot;,&quot;focal_length&quot;:&quot;0&quot;,&quot;iso&quot;:&quot;0&quot;,&quot;shutter_speed&quot;:&quot;0&quot;,&quot;title&quot;:&quot;&quot;,&quot;orientation&quot;:&quot;0&quot;}\" data-image-title=\"cropped-keinplatz.jpg\" data-image-description=\"&lt;p&gt;http:\/\/fh-waltrop.de\/wp-content\/uploads\/2015\/10\/cropped-keinplatz.jpg&lt;\/p&gt;\n\" data-image-caption=\"\" data-large-file=\"https:\/\/fh-waltrop.de\/wp-content\/uploads\/2015\/10\/cropped-keinplatz.jpg\" class=\"size-full wp-image-1221 alignleft\" src=\"http:\/\/fh-waltrop.de\/wp-content\/uploads\/2015\/10\/cropped-keinplatz.jpg\" alt=\"cropped-keinplatz.jpg\" width=\"512\" height=\"512\" srcset=\"https:\/\/fh-waltrop.de\/wp-content\/uploads\/2015\/10\/cropped-keinplatz.jpg 512w, https:\/\/fh-waltrop.de\/wp-content\/uploads\/2015\/10\/cropped-keinplatz-150x150.jpg 150w, https:\/\/fh-waltrop.de\/wp-content\/uploads\/2015\/10\/cropped-keinplatz-300x300.jpg 300w, https:\/\/fh-waltrop.de\/wp-content\/uploads\/2015\/10\/cropped-keinplatz-270x270.jpg 270w, https:\/\/fh-waltrop.de\/wp-content\/uploads\/2015\/10\/cropped-keinplatz-192x192.jpg 192w, https:\/\/fh-waltrop.de\/wp-content\/uploads\/2015\/10\/cropped-keinplatz-180x180.jpg 180w, https:\/\/fh-waltrop.de\/wp-content\/uploads\/2015\/10\/cropped-keinplatz-32x32.jpg 32w\" sizes=\"auto, (max-width: 512px) 100vw, 512px\" \/><\/a>Nach dem Schulgesetz f\u00fcr das Land Nordrhein-Westfalen (Schulgesetz NRW \u2013 SchulG) vom 15. Februar 2005 (GV.NRW. S. 102), zuletzt ge\u00e4ndert durch Gesetz vom 14. Juni 2016 (GV.NRW. S. 442) beginnt f\u00fcr alle Kinder, die im Zeitraum vom 01. Oktober 2010 bis einschlie\u00dflich 30. September 2011 geboren sind, die allgemeine Schulpflicht am 01. August 2017.<\/p>\n<p style=\"text-align: justify;\">Den Eltern und Erziehungsberechtigten der schulpflichtig werdenden Kinder der Stadt Waltrop wird im Laufe des Monats September 2016 ein Schreiben \u00fcbersandt, welches die Personalien ihres Kindes und die zum Wohnort n\u00e4chstgelegene Schule bzw. Bekenntnisgrundschule gesondert auff\u00fchrt. Die fr\u00fcher geltenden Schulbezirksgrenzen sind entfallen, es besteht ein Anspruch auf Besuch der zum Wohnort n\u00e4chstgelegenen Grundschule. Auch die weiteren Gemeinschaftsgrundschulen der Stadt Waltrop werden in dem Schreiben benannt. Eine Anmeldung dort kann nur ber\u00fccksichtigt werden, sofern die Aufnahmekapazit\u00e4t dies noch zul\u00e4sst.<\/p>\n<p style=\"text-align: justify;\">Die Anmeldung erfolgt am 31.10.2016 sowie in der Zeit vom 02.11. bis 04.11.2016. Die Anmeldetermine sind direkt mit der betreffenden Schule zu vereinbaren.<\/p>\n<p style=\"text-align: justify;\">Die Anschriften und Telefonnummern der Waltroper Grundschulen lauten wie folgt:<\/p>\n<div class=\"page\" style=\"text-align: justify;\" title=\"Page 13\">\n<table>\n<colgroup>\n<col \/>\n<col \/> <\/colgroup>\n<tbody>\n<tr>\n<td>\n<div class=\"layoutArea\">\n<div class=\"column\">\n<p>Kardinal-von-Galen-Schule<\/p>\n<\/div>\n<\/div>\n<\/td>\n<td>\n<div class=\"layoutArea\">\n<div class=\"column\">\n<p>In der Baut 27, Telefon: 785 671<\/p>\n<\/div>\n<\/div>\n<\/td>\n<\/tr>\n<tr>\n<td>\n<div class=\"layoutArea\">\n<div class=\"column\">\n<p>August-Hermann-Francke-Schule<\/p>\n<\/div>\n<\/div>\n<\/td>\n<td>\n<div class=\"layoutArea\">\n<div class=\"column\">\n<p>Hafenstr. 76, Telefon: 920 499<\/p>\n<\/div>\n<\/div>\n<\/td>\n<\/tr>\n<tr>\n<td>\n<div class=\"layoutArea\">\n<div class=\"column\">\n<p>Lutherschule<\/p>\n<\/div>\n<\/div>\n<\/td>\n<td>\n<div class=\"layoutArea\">\n<div class=\"column\">\n<p>Taeglichsbeckstr. 29, Telefon: 781 846<\/p>\n<\/div>\n<\/div>\n<\/td>\n<\/tr>\n<tr>\n<td>\n<div class=\"layoutArea\">\n<div class=\"column\">\n<p>Barbaraschule<\/p>\n<\/div>\n<\/div>\n<\/td>\n<td>\n<div class=\"layoutArea\">\n<div class=\"column\">\n<p>Delbr\u00fcckstr. 2, Telefon: 785 830<\/p>\n<\/div>\n<\/div>\n<\/td>\n<\/tr>\n<\/tbody>\n<\/table>\n<\/div>\n<p style=\"text-align: justify;\">Die zugesandten Schreiben sowie die Familienstammb\u00fccher sind zur Anmeldung mitzubringen und die schulpflichtig werdenden Kinder der Schulleiterin vorzustellen.<\/p>\n<p style=\"text-align: justify;\">Erziehungsberechtigte mit schulpflichtig werdenden Kindern, die keine schriftliche Mitteilung erhalten haben, werden gebeten, ihr\/e Kind\/er zu den o.a. Terminen an einer der o.g. Grundschulen anzumelden. Sollte dies nicht die zum Wohnort n\u00e4chstgelegene Grundschule sein, kann eine Anmeldung dort ebenfalls nur ber\u00fccksichtigt werden, sofern die Aufnahmekapazit\u00e4t dies zul\u00e4sst. Gleiches gilt auch f\u00fcr Kinder, die nach dem 30. September 2017 das sechste Lebensjahr vollenden und vorzeitig eingeschult werden sollen.<\/p>\n<p style=\"text-align: justify;\">Vor der Aufnahme in die Schule werden die Kinder amts\u00e4rztlich untersucht. Die Untersuchungstermine und der Schulbeginn werden den Eltern bzw. Erziehungsberechtigten in einem gesonderten Schreiben mitgeteilt.<\/p>\n<p style=\"text-align: justify;\">Waltrop, den 05.09.2016 Die B\u00fcrgermeisterin<\/p>\n<\/div>\n<\/div>\n<\/div>\n","protected":false},"excerpt":{"rendered":"<p>Nach dem Schulgesetz f\u00fcr das Land Nordrhein-Westfalen (Schulgesetz NRW \u2013 SchulG) vom 15. Februar 2005 (GV.NRW. S. 102), zuletzt ge\u00e4ndert durch Gesetz vom 14. Juni 2016 (GV.NRW. S. 442) beginnt f\u00fcr alle Kinder, die im Zeitraum vom 01. Oktober 2010 bis einschlie\u00dflich 30. September 2011 geboren sind, die allgemeine Schulpflicht am 01. August 2017. Den [&hellip;]<\/p>\n","protected":false},"author":4,"featured_media":0,"comment_status":"open","ping_status":"open","sticky":false,"template":"","format":"standard","meta":{"_genesis_hide_title":false,"_genesis_hide_breadcrumbs":false,"_genesis_hide_singular_image":false,"_genesis_hide_footer_widgets":false,"_genesis_custom_body_class":"","_genesis_custom_post_class":"","_genesis_layout":"","ngg_post_thumbnail":0,"jetpack_post_was_ever_published":false,"_jetpack_newsletter_access":"","_jetpack_dont_email_post_to_subs":false,"_jetpack_newsletter_tier_id":0,"_jetpack_memberships_contains_paywalled_content":false,"_jetpack_memberships_contains_paid_content":false,"footnotes":"","jetpack_publicize_message":"","jetpack_publicize_feature_enabled":true,"jetpack_social_post_already_shared":true,"jetpack_social_options":{"image_generator_settings":{"template":"highway","default_image_id":0,"font":"","enabled":false},"version":2}},"categories":[3,6],"tags":[],"class_list":{"0":"post-2031","1":"post","2":"type-post","3":"status-publish","4":"format-standard","6":"category-news","7":"category-waltrop-und-umgebung","8":"entry"},"aioseo_notices":[],"jetpack_publicize_connections":[],"jetpack_featured_media_url":"","jetpack_sharing_enabled":true,"jetpack_shortlink":"https:\/\/wp.me\/pdR32e-wL","jetpack-related-posts":[],"_links":{"self":[{"href":"https:\/\/fh-waltrop.de\/index.php\/wp-json\/wp\/v2\/posts\/2031","targetHints":{"allow":["GET"]}}],"collection":[{"href":"https:\/\/fh-waltrop.de\/index.php\/wp-json\/wp\/v2\/posts"}],"about":[{"href":"https:\/\/fh-waltrop.de\/index.php\/wp-json\/wp\/v2\/types\/post"}],"author":[{"embeddable":true,"href":"https:\/\/fh-waltrop.de\/index.php\/wp-json\/wp\/v2\/users\/4"}],"replies":[{"embeddable":true,"href":"https:\/\/fh-waltrop.de\/index.php\/wp-json\/wp\/v2\/comments?post=2031"}],"version-history":[{"count":0,"href":"https:\/\/fh-waltrop.de\/index.php\/wp-json\/wp\/v2\/posts\/2031\/revisions"}],"wp:attachment":[{"href":"https:\/\/fh-waltrop.de\/index.php\/wp-json\/wp\/v2\/media?parent=2031"}],"wp:term":[{"taxonomy":"category","embeddable":true,"href":"https:\/\/fh-waltrop.de\/index.php\/wp-json\/wp\/v2\/categories?post=2031"},{"taxonomy":"post_tag","embeddable":true,"href":"https:\/\/fh-waltrop.de\/index.php\/wp-json\/wp\/v2\/tags?post=2031"}],"curies":[{"name":"wp","href":"https:\/\/api.w.org\/{rel}","templated":true}]}}