{"id":2280,"date":"2016-11-15T14:51:53","date_gmt":"2016-11-15T13:51:53","guid":{"rendered":"http:\/\/fh-waltrop.de\/?p=2280"},"modified":"2016-11-25T12:06:35","modified_gmt":"2016-11-25T11:06:35","slug":"waltroper-schuler-erhalten-margot-spielmann-preis","status":"publish","type":"post","link":"https:\/\/fh-waltrop.de\/index.php\/waltroper-schuler-erhalten-margot-spielmann-preis\/","title":{"rendered":"Waltroper Sch\u00fcler erhalten Margot Spielmann-Preis"},"content":{"rendered":"<figure id=\"attachment_2281\" aria-describedby=\"caption-attachment-2281\" style=\"width: 320px\" class=\"wp-caption alignleft\"><a href=\"http:\/\/fh-waltrop.de\/wp-content\/uploads\/2016\/11\/MargotSpilmannPreis.jpg\"><img loading=\"lazy\" decoding=\"async\" data-attachment-id=\"2281\" data-permalink=\"https:\/\/fh-waltrop.de\/index.php\/waltroper-schuler-erhalten-margot-spielmann-preis\/margotspilmannpreis\/\" data-orig-file=\"https:\/\/fh-waltrop.de\/wp-content\/uploads\/2016\/11\/MargotSpilmannPreis.jpg\" data-orig-size=\"320,408\" data-comments-opened=\"1\" data-image-meta=\"{&quot;aperture&quot;:&quot;0&quot;,&quot;credit&quot;:&quot;&quot;,&quot;camera&quot;:&quot;&quot;,&quot;caption&quot;:&quot;&quot;,&quot;created_timestamp&quot;:&quot;0&quot;,&quot;copyright&quot;:&quot;&quot;,&quot;focal_length&quot;:&quot;0&quot;,&quot;iso&quot;:&quot;0&quot;,&quot;shutter_speed&quot;:&quot;0&quot;,&quot;title&quot;:&quot;&quot;,&quot;orientation&quot;:&quot;0&quot;}\" data-image-title=\"margotspilmannpreis\" data-image-description=\"\" data-image-caption=\"\" data-large-file=\"https:\/\/fh-waltrop.de\/wp-content\/uploads\/2016\/11\/MargotSpilmannPreis.jpg\" class=\"wp-image-2281 size-full\" src=\"http:\/\/fh-waltrop.de\/wp-content\/uploads\/2016\/11\/MargotSpilmannPreis.jpg\" alt=\"margotspilmannpreis\" width=\"320\" height=\"408\" srcset=\"https:\/\/fh-waltrop.de\/wp-content\/uploads\/2016\/11\/MargotSpilmannPreis.jpg 320w, https:\/\/fh-waltrop.de\/wp-content\/uploads\/2016\/11\/MargotSpilmannPreis-235x300.jpg 235w\" sizes=\"auto, (max-width: 320px) 100vw, 320px\" \/><\/a><figcaption id=\"caption-attachment-2281\" class=\"wp-caption-text\">Foto: J\u00fcdisches Museum Dorsten<\/figcaption><\/figure>\n<p dir=\"LTR\" style=\"text-align: justify;\"><span lang=\"de\"><span style=\"font-family: Calibri;\">Die Jury hat entschieden! Die Preistr\u00e4ger des Margot Spielmann-Preises 2016 stehen fest. Zum achten Mal konnten wieder Facharbeiten zur j\u00fcdischen Geschichte, Religion und Gegenwart sowie zur NS-Geschichte von Sch\u00fclerinnen und Sch\u00fcler der Oberstufen aus NRW eingereicht werden. Auch Arbeiten aus dem Deutschunterricht, die sich mit den Werken j\u00fcdischer Autoren befassten, waren willkommen. Daneben konnten auch Projektarbeiten von Sch\u00fclergruppen eingereicht werden. Am 24. November 2016 werden nun die diesj\u00e4hrigen Preistr\u00e4ger ausgezeichnet.<\/span><\/span><\/p>\n<p dir=\"LTR\" style=\"text-align: justify;\"><span lang=\"de\"><span style=\"font-family: Calibri;\">Geehrt werden<\/span><\/span><span lang=\"de\"><span style=\"font-family: Calibri;\">\u00a0in dieser Woche<\/span><\/span><span lang=\"de\"><span style=\"font-family: Calibri;\">\u00a0eine Sch\u00fclerin und ein Sch\u00fcler der Gesamtschule Waltrop<\/span><\/span><span lang=\"de\">\u00a0<span style=\"font-family: Calibri;\">sowie<\/span><\/span><span lang=\"de\"><span style=\"font-family: Calibri;\">\u00a0eine Sch\u00fclerin der Hildegardis-Schule aus Bochum. Evelyn-Marie Vasilyev hat in Bochum mit ihrem 96j\u00e4hrigen Urg<\/span><\/span><span lang=\"de\"><span style=\"font-family: Calibri;\">r<\/span><\/span><span lang=\"de\"><span style=\"font-family: Calibri;\">o\u00dfvater ein Zeitzeugeninterview gef\u00fchrt. Dieser hatte im Zweiten Weltkrieg als Jude in der sowjetischen Roten Armee gegen das nationalsozialistische Deutschland gek\u00e4mpft. 1995 kam die Familie nach Deutschland. Der Sch\u00fclerin ist es gelungen, den Zweiten Weltkrieg ausschnitthaft aus der Perspektive einer einzelnen Person, eines j\u00fcdischen Soldaten zu schildern. F\u00fcr Evelyn-Marie Vasilyev ergaben sich, wie sie im Fazit ihrer Arbeit vermerkt, neue Perspektiven und Gedanken zur Auseinandersetzung mit dem Zweiten Weltkrieg.<\/span><\/span><\/p>\n<p dir=\"LTR\" style=\"text-align: justify;\"><span lang=\"de\"><span style=\"font-family: Calibri;\">Die beiden anderen Preistr\u00e4ger haben ihre Facharbeiten w\u00e4hrend eines 10-t\u00e4gigen Aufenthalts in der Gedenkst\u00e4tte Majdanek auf dem Gel\u00e4nde des ehemaligen Konzentrationslagers in der N\u00e4he von Lublin geschrieben. Die Jugendlichen entschieden sich vor Ort anhand des im Archiv und der Bibliothek vorhandenen Materials f\u00fcr ihr Thema.<\/span><\/span><\/p>\n<p dir=\"LTR\" style=\"text-align: justify;\"><span lang=\"de\"><span style=\"font-family: Calibri;\">Dawid Barczyk schreibt in seiner Arbeit \u00fcber die von den Nationalsozialisten in Polen durchgef\u00fchrten Germanisierungsprozesse. Er berichtet \u00fcber die Auswirkungen auf Polen und fragt nach m\u00f6glichen Nachwirkungen bis in die heutige Zeit. Konkret wird er am Beispiel des Siedlungsprojekts bei Zamosc. Da sich in diesem Ort bereits fr\u00fcher Siedler aus der Pfalz, dem Elsass und Lothringen niedergelassen hatten, w\u00e4hlten ihn die Nationalsozialisten f\u00fcr eines der ersten Germanisierungsprojekte aus.<\/span><\/span><\/p>\n<p dir=\"LTR\" style=\"text-align: justify;\"><span lang=\"de\"><span style=\"font-family: Calibri;\">Finja Catherine Dickh\u00f6fer untersucht das nationalsozialistische Frauenbild anhand einer Frauenzeitschrift. Die \u201eNS-Frauen-Warte\u201c war die einzige parteiamtliche Frauenzeitschrift. Im Archiv konnte die Sch\u00fclerin auf unterschiedliche Ausgaben verschiedener Jahrg\u00e4nge von 1933 bis 1945 zur\u00fcckgreifen und dabei die Ver\u00e4nderungen im Frauenbild bzw. die Anpassung an die NS-Ideologie aufzeigen.<\/span><\/span><\/p>\n<p dir=\"LTR\" style=\"text-align: justify;\"><span lang=\"de\"><span style=\"font-family: Calibri;\">Da die von der Jury ausgew\u00e4hlten Arbeiten qualitativ gleichwertig sind, wird der Margot Spielmann-Preis 2016 zu gleichen Teilen an die<\/span><\/span><span lang=\"de\"><span style=\"font-family: Calibri;\">se<\/span><\/span><span lang=\"de\"><span style=\"font-family: Calibri;\">\u00a0drei Preistr\u00e4ger vergeben<\/span><\/span><span lang=\"de\"><span style=\"font-family: Calibri;\">.<\/span><\/span><span lang=\"de\"><span style=\"font-family: Calibri;\">\u00a0Interessierte sind herzlich eingeladen.<\/span><\/span><\/p>\n<p style=\"text-align: justify;\"><i><span style=\"font-family: Calibri;\">Wer war Margot Spielmann?<\/span><\/i><\/p>\n<p dir=\"LTR\" style=\"text-align: justify;\"><span lang=\"de\"><i><span style=\"font-family: Calibri;\">&#8222;Margot war ein j\u00fcdisches M\u00e4dchen aus Gelsenkirchen, geboren am 21. Mai 1926. 1942 wohnte sie mit ihrer Mutter Luise Kopf, dem Stiefvater Curt Kopf und ihrer Gro\u00dfmutter Henriette Breuer in einem sogenannten Judenhaus in der Augustastra\u00dfe 7 in Gelsenkirchen.<\/span><\/i><\/span><i><\/i><span lang=\"de\"><i>\u00a0<span style=\"font-family: Calibri;\">Luise und Curt Kopf versuchten zusammen mit ihrer Tochter Margot in das unbesetzte Frankreich zu fliehen, wurden aber auf der Flucht verhaftet.<\/span><\/i><\/span><i><\/i><\/p>\n<p dir=\"LTR\" style=\"text-align: justify;\"><span lang=\"de\"><i><span style=\"font-family: Calibri;\">Das schwer zuckerkranke M\u00e4dchen erlitt einen Schock und kam in ein Krankenhaus in M\u00fclhausen, w\u00e4hrend ihre Eltern getrennt und deportiert wurden. Ihre Mutter sa\u00df bis zu ihrer Deportation im Gef\u00e4ngnis in M\u00fcnster ein. Margot verblieb im Krankenhaus in M\u00fclhausen. Dort verstarb sie vermutlich im Sp\u00e4therbst 1942. Die behandelnde \u00c4rztin teilte sp\u00e4ter mit, dass Margot \u2013 vor ihrem Abtransport \u2013 in ein tiefes Koma gefallen sei. Man habe sich im Krankenhaus nicht mehr um die Rettung bem\u00fcht, um ihr Deportation und Ermordung zu ersparen.<\/span><\/i><\/span><\/p>\n<p dir=\"LTR\" style=\"text-align: justify;\"><span lang=\"de\"><i><span style=\"font-family: Calibri;\">Das J\u00fcdische Museum Westfalen zeigt in seiner Dauerausstellung ein Poesiealbum von Margot Spielmann. Unter den Eintragungen finden sich die Namen weiterer junger M\u00e4dchen, die ebenfalls deportiert und ermordet wurden. Mit der Benennung des Jugendgeschichtspreises nach Margot Spielmann m\u00f6chten wir die Erinnerung an sie und viele andere Jugendliche aus der Region wachhalten.&#8220;<\/span><\/i><\/span><i><\/i><\/p>\n<p dir=\"LTR\" style=\"text-align: justify;\"><strong><span lang=\"de\">Verleihung des Margot Spielmann-Preises 2016 &#8211; Jugendgeschichtspreis des<\/span><span lang=\"de\">\u00a0J\u00fcdischen Museums Westfalen<\/span><\/strong><\/p>\n<p dir=\"LTR\" style=\"text-align: justify;\"><strong><span lang=\"de\">am 24. November um 18 Uhr in Dorsten<\/span><\/strong><\/p>\n<p dir=\"LTR\" style=\"text-align: justify;\"><strong><span lang=\"de-de\"><span style=\"font-family: Calibri;\">J\u00dcDISCHES MUSEUM WESTFALEN<br \/>\n<\/span><span style=\"font-family: Calibri;\">Julius-Ambrunn-Str. 1<\/span>\u00a0<span style=\"font-family: Calibri;\">\u2013<\/span><span style=\"font-family: Calibri;\">\u00a046282 Dorsten<\/span><\/span><span lang=\"de-de\"><span style=\"font-family: Calibri;\">\u00a0&#8211;<\/span><\/span><span lang=\"de\">\u00a0<\/span><a href=\"http:\/\/www.jmw-dorsten.de\/\"><u><\/u><u><\/u><u><span lang=\"de-de\"><span style=\"color: #0000ff; font-family: Calibri;\">www.jmw-dorsten.de<\/span><\/span><\/u><\/a><\/strong><\/p>\n","protected":false},"excerpt":{"rendered":"<p>Die Jury hat entschieden! Die Preistr\u00e4ger des Margot Spielmann-Preises 2016 stehen fest. Zum achten Mal konnten wieder Facharbeiten zur j\u00fcdischen Geschichte, Religion und Gegenwart sowie zur NS-Geschichte von Sch\u00fclerinnen und Sch\u00fcler der Oberstufen aus NRW eingereicht werden. Auch Arbeiten aus dem Deutschunterricht, die sich mit den Werken j\u00fcdischer Autoren befassten, waren willkommen. Daneben konnten auch [&hellip;]<\/p>\n","protected":false},"author":4,"featured_media":0,"comment_status":"open","ping_status":"open","sticky":false,"template":"","format":"standard","meta":{"_genesis_hide_title":false,"_genesis_hide_breadcrumbs":false,"_genesis_hide_singular_image":false,"_genesis_hide_footer_widgets":false,"_genesis_custom_body_class":"","_genesis_custom_post_class":"","_genesis_layout":"","ngg_post_thumbnail":0,"jetpack_post_was_ever_published":false,"_jetpack_newsletter_access":"","_jetpack_dont_email_post_to_subs":true,"_jetpack_newsletter_tier_id":0,"_jetpack_memberships_contains_paywalled_content":false,"_jetpack_memberships_contains_paid_content":false,"footnotes":"","jetpack_publicize_message":"","jetpack_publicize_feature_enabled":true,"jetpack_social_post_already_shared":true,"jetpack_social_options":{"image_generator_settings":{"template":"highway","default_image_id":0,"font":"","enabled":false},"version":2}},"categories":[3,6],"tags":[],"class_list":{"0":"post-2280","1":"post","2":"type-post","3":"status-publish","4":"format-standard","6":"category-news","7":"category-waltrop-und-umgebung","8":"entry"},"aioseo_notices":[],"jetpack_publicize_connections":[],"jetpack_featured_media_url":"","jetpack_sharing_enabled":true,"jetpack_shortlink":"https:\/\/wp.me\/pdR32e-AM","jetpack-related-posts":[],"_links":{"self":[{"href":"https:\/\/fh-waltrop.de\/index.php\/wp-json\/wp\/v2\/posts\/2280","targetHints":{"allow":["GET"]}}],"collection":[{"href":"https:\/\/fh-waltrop.de\/index.php\/wp-json\/wp\/v2\/posts"}],"about":[{"href":"https:\/\/fh-waltrop.de\/index.php\/wp-json\/wp\/v2\/types\/post"}],"author":[{"embeddable":true,"href":"https:\/\/fh-waltrop.de\/index.php\/wp-json\/wp\/v2\/users\/4"}],"replies":[{"embeddable":true,"href":"https:\/\/fh-waltrop.de\/index.php\/wp-json\/wp\/v2\/comments?post=2280"}],"version-history":[{"count":0,"href":"https:\/\/fh-waltrop.de\/index.php\/wp-json\/wp\/v2\/posts\/2280\/revisions"}],"wp:attachment":[{"href":"https:\/\/fh-waltrop.de\/index.php\/wp-json\/wp\/v2\/media?parent=2280"}],"wp:term":[{"taxonomy":"category","embeddable":true,"href":"https:\/\/fh-waltrop.de\/index.php\/wp-json\/wp\/v2\/categories?post=2280"},{"taxonomy":"post_tag","embeddable":true,"href":"https:\/\/fh-waltrop.de\/index.php\/wp-json\/wp\/v2\/tags?post=2280"}],"curies":[{"name":"wp","href":"https:\/\/api.w.org\/{rel}","templated":true}]}}