{"id":2347,"date":"2017-01-05T18:04:54","date_gmt":"2017-01-05T17:04:54","guid":{"rendered":"http:\/\/fh-waltrop.de\/?p=2347"},"modified":"2017-01-05T18:04:54","modified_gmt":"2017-01-05T17:04:54","slug":"das-grose-warten-fotografien-von-brigitte-kraemer","status":"publish","type":"post","link":"https:\/\/fh-waltrop.de\/index.php\/das-grose-warten-fotografien-von-brigitte-kraemer\/","title":{"rendered":"Das gro\u00dfe Warten &#8211; Fotografien von Brigitte Kraemer"},"content":{"rendered":"<figure id=\"attachment_2348\" aria-describedby=\"caption-attachment-2348\" style=\"width: 2100px\" class=\"wp-caption aligncenter\"><a href=\"http:\/\/fh-waltrop.de\/wp-content\/uploads\/2017\/01\/BK_LWL_Gefluechtete.jpg\"><img loading=\"lazy\" decoding=\"async\" data-attachment-id=\"2348\" data-permalink=\"https:\/\/fh-waltrop.de\/index.php\/das-grose-warten-fotografien-von-brigitte-kraemer\/bk_lwl_gefluechtete\/\" data-orig-file=\"https:\/\/fh-waltrop.de\/wp-content\/uploads\/2017\/01\/BK_LWL_Gefluechtete.jpg\" data-orig-size=\"2100,1382\" data-comments-opened=\"1\" data-image-meta=\"{&quot;aperture&quot;:&quot;0&quot;,&quot;credit&quot;:&quot;&quot;,&quot;camera&quot;:&quot;NIKON D700&quot;,&quot;caption&quot;:&quot;&quot;,&quot;created_timestamp&quot;:&quot;0&quot;,&quot;copyright&quot;:&quot;&quot;,&quot;focal_length&quot;:&quot;0&quot;,&quot;iso&quot;:&quot;0&quot;,&quot;shutter_speed&quot;:&quot;0&quot;,&quot;title&quot;:&quot;&quot;,&quot;orientation&quot;:&quot;1&quot;}\" data-image-title=\"bk_lwl_gefluechtete\" data-image-description=\"\" data-image-caption=\"&lt;p&gt;Gefl\u00fcchtete Kinder im Hof einer Fl\u00fcchtlingsunterkunft in Herne..&lt;br \/&gt;\nFoto: LWL\/Kraemer&lt;\/p&gt;\n\" data-large-file=\"https:\/\/fh-waltrop.de\/wp-content\/uploads\/2017\/01\/BK_LWL_Gefluechtete-1024x674.jpg\" class=\"size-full wp-image-2348\" src=\"http:\/\/fh-waltrop.de\/wp-content\/uploads\/2017\/01\/BK_LWL_Gefluechtete.jpg\" alt=\"Gefl\u00fcchtete Kinder im Hof einer Fl\u00fcchtlingsunterkunft in Herne.. Foto: LWL\/Kraemer\" width=\"2100\" height=\"1382\" srcset=\"https:\/\/fh-waltrop.de\/wp-content\/uploads\/2017\/01\/BK_LWL_Gefluechtete.jpg 2100w, https:\/\/fh-waltrop.de\/wp-content\/uploads\/2017\/01\/BK_LWL_Gefluechtete-300x197.jpg 300w, https:\/\/fh-waltrop.de\/wp-content\/uploads\/2017\/01\/BK_LWL_Gefluechtete-768x505.jpg 768w, https:\/\/fh-waltrop.de\/wp-content\/uploads\/2017\/01\/BK_LWL_Gefluechtete-1024x674.jpg 1024w\" sizes=\"auto, (max-width: 2100px) 100vw, 2100px\" \/><\/a><figcaption id=\"caption-attachment-2348\" class=\"wp-caption-text\">Gefl\u00fcchtete Kinder im Hof einer Fl\u00fcchtlingsunterkunft in Herne..<br \/>Foto: LWL\/Kraemer<\/figcaption><\/figure>\n<h3 style=\"text-align: justify;\">LWL zeigt neue Ausstellung \u00fcber Gefl\u00fcchtete im Ziegeleimuseum Lage<\/h3>\n<div class=\"bewertung\" style=\"text-align: justify;\"><\/div>\n<p style=\"text-align: justify;\">Lage (lwl). \u00dcber 300.000 Menschen kamen 2015 auf der Flucht vor Krieg, Not und Unterdr\u00fcckung und in der Hoffnung auf ein freies Leben nach Westfalen. Einige von ihnen blieben nur wenige Tage in den Erstaufnahmeeinrichtungen und wurden sp\u00e4ter auf andere Regionen Deutschlands verteilt. Die anderen wurden in Unterk\u00fcnften in Westfalen und dem Ruhrgebiet untergebracht. Nach ihren langen Wegen der Flucht und der Ankunft in Deutschland begann f\u00fcr sie alle die Zeit des Wartens auf die Entscheidung, ob Deutschland ihnen Asyl und Sicherheit gew\u00e4hrt. &#8222;Das gro\u00dfe Warten&#8220; hei\u00dft denn auch eine Ausstellung mit Schwarz-Wei\u00df-Aufnahmen der Essener Fotografin Brigitte Kraemer, die der Landschaftsverband Westfalen-Lippe (LWL) ab\u00a0Sonntag (8.1.)\u00a0in seinem Ziegeleimuseum Lage (Kreis Lippe) pr\u00e4sentiert. Zur Er\u00f6ffnung um 11 Uhr sind G\u00e4ste herzlich willkommen.<\/p>\n<p>Brigitte Kraemer hat sich zu den gefl\u00fcchteten Menschen begeben, ist ihnen mit gro\u00dfer Offenheit begegnet und hat von vielen Vertrauen geschenkt bekommen. Vertrauen, dass gro\u00dfe N\u00e4he und unbefangene Blicke m\u00f6glich macht. So ist innerhalb eines guten Jahres eine Reportage entstanden, die den Alltag der gefl\u00fcchteten Menschen in Westfalen und dem Ruhrgebiet zeigt und dabei die Menschen und das Menschliche in den Vordergrund r\u00fcckt: Momente des Innehaltens und der Trauer, aber auch der Tatkraft und der Lebensfreude &#8211; ungeachtet der schwierigen und improvisierten Lebensverh\u00e4ltnisse. &#8222;Die Bilder machen deutlich, worum es jenseits von Politik und Medienrummel geht: um Menschen, die ihr Leben meistern wollen&#8220;, erkl\u00e4rte LWL-Museumsleiter Willi Kulke am Donnerstag (5.1.) bei der Vorstellung der Schau in Lage.<\/p>\n<p>Brigitte Kr\u00e4mer fotografiert seit 30 Jahren Menschen, deren Lebensweg irgendwann einmal in das Ruhrgebiet und nach Westfalen gef\u00fchrt hat. Mit ihrer Kamera kommt sie den Menschen sehr nahe. Kulke: &#8222;Sie schafft es, nicht nur den Augenblick festzuhalten, ihre Fotografien sind so lebendig, dass der Betrachter auch die Gef\u00fchle und das Leben dieser Menschen zu erahnen glaubt.&#8220;<\/p>\n<p>Biografie<br \/>\nBrigitte Kraemer lebt und arbeitet als freie Fotografin im Ruhrgebiet. Sie studierte Fotografie und Grafikdesign an der Essener Folkwangschule f\u00fcr Gestaltung. Seit 1982 arbeitet sie als freie Fotografin im Ruhrgebiet. Sie ver\u00f6ffentlichte zahlreiche Reportagen f\u00fcr den Stern, das Zeit-Magazin und den Spiegel. Ihre fotografische Arbeit wurde vielfach ausgezeichnet: Sie erhielt 2004 den Hansel-Mieth-Preis, den Lead Award in Gold f\u00fcr das Foto des Jahres 2004, den Lead Award in Silber f\u00fcr das Foto des Jahres 2005, im selben Jahr die Auszeichnung des Art Directors Club des B\u00f6rsenvereins des deutschen Buchhandels sowie 2008 den deutschen Fotobuchpreis. Die Ludwiggalerie Schloss Oberhausen widmete ihr 2016 eine Gesamtausstellung zu ihren Fotoreportagen seit 1985.<\/p>\n<p>Das gro\u00dfe Warten &#8211; Gefl\u00fcchtete in Westfalen<br \/>\nFotografien von Brigitte Kraemer<br \/>\n8. Januar bis 17. April 2017<br \/>\nLWL-Industriemuseum Ziegeleimuseum Lage<br \/>\nSprikernheide 77, 32791 Lage<br \/>\nGe\u00f6ffnet Do-So 10-18 Uhr<\/p>\n","protected":false},"excerpt":{"rendered":"<p>LWL zeigt neue Ausstellung \u00fcber Gefl\u00fcchtete im Ziegeleimuseum Lage Lage (lwl). \u00dcber 300.000 Menschen kamen 2015 auf der Flucht vor Krieg, Not und Unterdr\u00fcckung und in der Hoffnung auf ein freies Leben nach Westfalen. Einige von ihnen blieben nur wenige Tage in den Erstaufnahmeeinrichtungen und wurden sp\u00e4ter auf andere Regionen Deutschlands verteilt. Die anderen wurden [&hellip;]<\/p>\n","protected":false},"author":4,"featured_media":0,"comment_status":"open","ping_status":"open","sticky":false,"template":"","format":"standard","meta":{"_genesis_hide_title":false,"_genesis_hide_breadcrumbs":false,"_genesis_hide_singular_image":false,"_genesis_hide_footer_widgets":false,"_genesis_custom_body_class":"","_genesis_custom_post_class":"","_genesis_layout":"","ngg_post_thumbnail":0,"jetpack_post_was_ever_published":false,"_jetpack_newsletter_access":"","_jetpack_dont_email_post_to_subs":false,"_jetpack_newsletter_tier_id":0,"_jetpack_memberships_contains_paywalled_content":false,"_jetpack_memberships_contains_paid_content":false,"footnotes":"","jetpack_publicize_message":"","jetpack_publicize_feature_enabled":true,"jetpack_social_post_already_shared":true,"jetpack_social_options":{"image_generator_settings":{"template":"highway","default_image_id":0,"font":"","enabled":false},"version":2}},"categories":[3,6],"tags":[],"class_list":{"0":"post-2347","1":"post","2":"type-post","3":"status-publish","4":"format-standard","6":"category-news","7":"category-waltrop-und-umgebung","8":"entry"},"aioseo_notices":[],"jetpack_publicize_connections":[],"jetpack_featured_media_url":"","jetpack_sharing_enabled":true,"jetpack_shortlink":"https:\/\/wp.me\/pdR32e-BR","jetpack-related-posts":[],"_links":{"self":[{"href":"https:\/\/fh-waltrop.de\/index.php\/wp-json\/wp\/v2\/posts\/2347","targetHints":{"allow":["GET"]}}],"collection":[{"href":"https:\/\/fh-waltrop.de\/index.php\/wp-json\/wp\/v2\/posts"}],"about":[{"href":"https:\/\/fh-waltrop.de\/index.php\/wp-json\/wp\/v2\/types\/post"}],"author":[{"embeddable":true,"href":"https:\/\/fh-waltrop.de\/index.php\/wp-json\/wp\/v2\/users\/4"}],"replies":[{"embeddable":true,"href":"https:\/\/fh-waltrop.de\/index.php\/wp-json\/wp\/v2\/comments?post=2347"}],"version-history":[{"count":0,"href":"https:\/\/fh-waltrop.de\/index.php\/wp-json\/wp\/v2\/posts\/2347\/revisions"}],"wp:attachment":[{"href":"https:\/\/fh-waltrop.de\/index.php\/wp-json\/wp\/v2\/media?parent=2347"}],"wp:term":[{"taxonomy":"category","embeddable":true,"href":"https:\/\/fh-waltrop.de\/index.php\/wp-json\/wp\/v2\/categories?post=2347"},{"taxonomy":"post_tag","embeddable":true,"href":"https:\/\/fh-waltrop.de\/index.php\/wp-json\/wp\/v2\/tags?post=2347"}],"curies":[{"name":"wp","href":"https:\/\/api.w.org\/{rel}","templated":true}]}}