{"id":2384,"date":"2017-01-16T23:00:22","date_gmt":"2017-01-16T22:00:22","guid":{"rendered":"http:\/\/fh-waltrop.de\/?p=2384"},"modified":"2017-01-29T17:39:05","modified_gmt":"2017-01-29T16:39:05","slug":"judischer-widerstand-wahrend-des-holocaust","status":"publish","type":"post","link":"https:\/\/fh-waltrop.de\/index.php\/judischer-widerstand-wahrend-des-holocaust\/","title":{"rendered":"J\u00dcDISCHER WIDERSTAND W\u00c4HREND DES HOLOCAUST"},"content":{"rendered":"<figure id=\"attachment_1971\" aria-describedby=\"caption-attachment-1971\" style=\"width: 1024px\" class=\"wp-caption aligncenter\"><a href=\"http:\/\/fh-waltrop.de\/wp-content\/uploads\/2016\/09\/Juedisches_Museum_Westfalen_Dorsten.jpg\"><img loading=\"lazy\" decoding=\"async\" data-attachment-id=\"1971\" data-permalink=\"https:\/\/fh-waltrop.de\/index.php\/europaischer-tag-der-judischen-kultur-im-dorstener-museum\/juedisches_museum_westfalen_dorsten\/\" data-orig-file=\"https:\/\/fh-waltrop.de\/wp-content\/uploads\/2016\/09\/Juedisches_Museum_Westfalen_Dorsten.jpg\" data-orig-size=\"1280,960\" data-comments-opened=\"1\" data-image-meta=\"{&quot;aperture&quot;:&quot;0&quot;,&quot;credit&quot;:&quot;&quot;,&quot;camera&quot;:&quot;&quot;,&quot;caption&quot;:&quot;&quot;,&quot;created_timestamp&quot;:&quot;0&quot;,&quot;copyright&quot;:&quot;&quot;,&quot;focal_length&quot;:&quot;0&quot;,&quot;iso&quot;:&quot;0&quot;,&quot;shutter_speed&quot;:&quot;0&quot;,&quot;title&quot;:&quot;&quot;,&quot;orientation&quot;:&quot;0&quot;}\" data-image-title=\"Juedisches_Museum_Westfalen_Dorsten\" data-image-description=\"\" data-image-caption=\"&lt;p&gt;Credits: CC BY-SA 3.0&lt;\/p&gt;\n\" data-large-file=\"https:\/\/fh-waltrop.de\/wp-content\/uploads\/2016\/09\/Juedisches_Museum_Westfalen_Dorsten-1024x768.jpg\" class=\"size-large wp-image-1971\" src=\"http:\/\/fh-waltrop.de\/wp-content\/uploads\/2016\/09\/Juedisches_Museum_Westfalen_Dorsten-1024x768.jpg\" alt=\"\" width=\"1024\" height=\"768\" srcset=\"https:\/\/fh-waltrop.de\/wp-content\/uploads\/2016\/09\/Juedisches_Museum_Westfalen_Dorsten-1024x768.jpg 1024w, https:\/\/fh-waltrop.de\/wp-content\/uploads\/2016\/09\/Juedisches_Museum_Westfalen_Dorsten-300x225.jpg 300w, https:\/\/fh-waltrop.de\/wp-content\/uploads\/2016\/09\/Juedisches_Museum_Westfalen_Dorsten-768x576.jpg 768w, https:\/\/fh-waltrop.de\/wp-content\/uploads\/2016\/09\/Juedisches_Museum_Westfalen_Dorsten.jpg 1280w\" sizes=\"auto, (max-width: 1024px) 100vw, 1024px\" \/><\/a><figcaption id=\"caption-attachment-1971\" class=\"wp-caption-text\">Credits: CC BY-SA 3.0<\/figcaption><\/figure>\n<p>Vortrag von Dr. Melvin Fried (Gladbeck)<\/p>\n<p>W\u00e4re die sog. Endl\u00f6sung von den Juden aus eigener Kraft zu verhindern gewesen,\u00a0 Wie kann man verstehen, dass Millionen Menschen scheinbar fatalistisch in den Tod gingen ?\u00a0 Es w\u00e4re falsch, die Geschichte der Vernichtung der Juden ohne die Geschichte des Widerstandes zu beschreiben.<\/p>\n<p>Die Mehrheit der Juden hatte kaum Chancen, sich gegen ihre Ermordung aufzulehnen. Das war nicht ihre Schuld: Die Mordpolitik radikalisierte sich zun\u00e4chst nur langsam. T\u00e4uschung und Terror waren st\u00e4rker als die berechtigten Bef\u00fcrchtungen, und Solidarit\u00e4t seitens der Mehrheit erfuhren die Opfer sowohl in Deutschland als auch in den besetzten L\u00e4ndern nur selten. Die Frage, ob mehr j\u00fcdischer Widerstand gegen die NS-Vernichtungspolitik m\u00f6glich gewesen w\u00e4re, wird aber immer wieder leidenschaftlich diskutiert. Und das oft ohne genaue Kenntnis der Tatsachen: Was hat es an Widerstand und Revolten \u2013 z.B. in den Ghettos \u2013 gegeben, welche F\u00e4lle an Kooperation, Komplizenschaft und Tragik sind bekannt? Welche Tragik umgibt z.B. die \u201eJudenr\u00e4te\u201c angesichts des Dilemmas, wer sterben und wer leben sollte ?<\/p>\n<p>Der Referent, Dr. Melvin Fried, ist Mediziner in Gladbeck.<\/p>\n<p>Wo: J\u00fcdisches Museum Westfalen, Dorsten, 26. Januar 2017, 19:30 Uhr<\/p>\n<p>Wann: 26. Januar 2016, 19:30 Uhr<\/p>\n<p>Eintritt:\u00a05 Euro (4 Euro f\u00fcr Vereinsmitglieder, 3 Euro f\u00fcr Sch\u00fcler\/innen)<\/p>\n","protected":false},"excerpt":{"rendered":"<p>Vortrag von Dr. Melvin Fried (Gladbeck) W\u00e4re die sog. Endl\u00f6sung von den Juden aus eigener Kraft zu verhindern gewesen,\u00a0 Wie kann man verstehen, dass Millionen Menschen scheinbar fatalistisch in den Tod gingen ?\u00a0 Es w\u00e4re falsch, die Geschichte der Vernichtung der Juden ohne die Geschichte des Widerstandes zu beschreiben. Die Mehrheit der Juden hatte kaum [&hellip;]<\/p>\n","protected":false},"author":4,"featured_media":0,"comment_status":"open","ping_status":"open","sticky":false,"template":"","format":"standard","meta":{"_genesis_hide_title":false,"_genesis_hide_breadcrumbs":false,"_genesis_hide_singular_image":false,"_genesis_hide_footer_widgets":false,"_genesis_custom_body_class":"","_genesis_custom_post_class":"","_genesis_layout":"","ngg_post_thumbnail":0,"jetpack_post_was_ever_published":false,"_jetpack_newsletter_access":"","_jetpack_dont_email_post_to_subs":true,"_jetpack_newsletter_tier_id":0,"_jetpack_memberships_contains_paywalled_content":false,"_jetpack_memberships_contains_paid_content":false,"footnotes":"","jetpack_publicize_message":"","jetpack_publicize_feature_enabled":true,"jetpack_social_post_already_shared":true,"jetpack_social_options":{"image_generator_settings":{"template":"highway","default_image_id":0,"font":"","enabled":false},"version":2}},"categories":[3,6],"tags":[],"class_list":{"0":"post-2384","1":"post","2":"type-post","3":"status-publish","4":"format-standard","6":"category-news","7":"category-waltrop-und-umgebung","8":"entry"},"aioseo_notices":[],"jetpack_publicize_connections":[],"jetpack_featured_media_url":"","jetpack_sharing_enabled":true,"jetpack_shortlink":"https:\/\/wp.me\/pdR32e-Cs","jetpack-related-posts":[],"_links":{"self":[{"href":"https:\/\/fh-waltrop.de\/index.php\/wp-json\/wp\/v2\/posts\/2384","targetHints":{"allow":["GET"]}}],"collection":[{"href":"https:\/\/fh-waltrop.de\/index.php\/wp-json\/wp\/v2\/posts"}],"about":[{"href":"https:\/\/fh-waltrop.de\/index.php\/wp-json\/wp\/v2\/types\/post"}],"author":[{"embeddable":true,"href":"https:\/\/fh-waltrop.de\/index.php\/wp-json\/wp\/v2\/users\/4"}],"replies":[{"embeddable":true,"href":"https:\/\/fh-waltrop.de\/index.php\/wp-json\/wp\/v2\/comments?post=2384"}],"version-history":[{"count":0,"href":"https:\/\/fh-waltrop.de\/index.php\/wp-json\/wp\/v2\/posts\/2384\/revisions"}],"wp:attachment":[{"href":"https:\/\/fh-waltrop.de\/index.php\/wp-json\/wp\/v2\/media?parent=2384"}],"wp:term":[{"taxonomy":"category","embeddable":true,"href":"https:\/\/fh-waltrop.de\/index.php\/wp-json\/wp\/v2\/categories?post=2384"},{"taxonomy":"post_tag","embeddable":true,"href":"https:\/\/fh-waltrop.de\/index.php\/wp-json\/wp\/v2\/tags?post=2384"}],"curies":[{"name":"wp","href":"https:\/\/api.w.org\/{rel}","templated":true}]}}