{"id":2418,"date":"2017-02-01T00:28:58","date_gmt":"2017-01-31T23:28:58","guid":{"rendered":"http:\/\/fh-waltrop.de\/?p=2418"},"modified":"2017-02-01T00:28:58","modified_gmt":"2017-01-31T23:28:58","slug":"zentrum-fur-integrations-und-migrationsforschung-startet-an-der-universitat-duisburg-essen","status":"publish","type":"post","link":"https:\/\/fh-waltrop.de\/index.php\/zentrum-fur-integrations-und-migrationsforschung-startet-an-der-universitat-duisburg-essen\/","title":{"rendered":"Zentrum f\u00fcr Integrations-und Migrationsforschung startet an der Universit\u00e4t Duisburg-Essen"},"content":{"rendered":"<figure id=\"attachment_398\" aria-describedby=\"caption-attachment-398\" style=\"width: 900px\" class=\"wp-caption aligncenter\"><img loading=\"lazy\" decoding=\"async\" data-attachment-id=\"398\" data-permalink=\"https:\/\/fh-waltrop.de\/index.php\/integration-point-in-dortmund-soll-fluchtlinge-schneller-in-den-arbeitsmarkt-bringen\/boot\/\" data-orig-file=\"https:\/\/fh-waltrop.de\/wp-content\/uploads\/2015\/10\/ueberfahrt.jpg\" data-orig-size=\"900,216\" data-comments-opened=\"1\" data-image-meta=\"{&quot;aperture&quot;:&quot;0&quot;,&quot;credit&quot;:&quot;Bernd Schaefer&quot;,&quot;camera&quot;:&quot;Nikon SUPER COOLSCAN 5000 ED&quot;,&quot;caption&quot;:&quot;&quot;,&quot;created_timestamp&quot;:&quot;1257771766&quot;,&quot;copyright&quot;:&quot;Copyright by Bernd Schaefer&quot;,&quot;focal_length&quot;:&quot;0&quot;,&quot;iso&quot;:&quot;0&quot;,&quot;shutter_speed&quot;:&quot;0&quot;,&quot;title&quot;:&quot;Boot&quot;,&quot;orientation&quot;:&quot;1&quot;}\" data-image-title=\"Boot\" data-image-description=\"\" data-image-caption=\"&lt;p&gt;Foto (c): B. Sch\u00e4fer&lt;\/p&gt;\n\" data-large-file=\"https:\/\/fh-waltrop.de\/wp-content\/uploads\/2015\/10\/ueberfahrt.jpg\" class=\"size-full wp-image-398\" src=\"http:\/\/fh-waltrop.de\/wp-content\/uploads\/2015\/10\/ueberfahrt.jpg\" alt=\"\" width=\"900\" height=\"216\" srcset=\"https:\/\/fh-waltrop.de\/wp-content\/uploads\/2015\/10\/ueberfahrt.jpg 900w, https:\/\/fh-waltrop.de\/wp-content\/uploads\/2015\/10\/ueberfahrt-300x72.jpg 300w\" sizes=\"auto, (max-width: 900px) 100vw, 900px\" \/><figcaption id=\"caption-attachment-398\" class=\"wp-caption-text\">Foto (c): B. Sch\u00e4fer<\/figcaption><\/figure>\n<p>Essen (idr). An der Universit\u00e4t Duisburg-Essen wird am 8. Februar das Interdisziplin\u00e4re Zentrum f\u00fcr Integrations- und Migrationsforschung (InZentIM) er\u00f6ffnet. Aufgabe des neuen Zentrums ist es, den Wandel, der durch Migration in den Bereichen Arbeit, Bildung, Gesundheit, Kultur, Politik, Recht, Religion und Sprache entsteht, theoretisch und empirisch zu erfassen und M\u00f6glichkeiten der Gestaltung aufzuzeigen.<\/p>\n<p>Das InZentIM soll die wissenschaftliche Kompetenz der mehr als 60 Wissenschaftler an der Universit\u00e4t b\u00fcndeln, die bereits jetzt an verschiedenen Fakult\u00e4ten zu Integration und Migration forschen, und den Austausch mit au\u00dferuniversit\u00e4ten Akteuren intensivieren. Ein Schwerpunkt liegt auf der interdisziplin\u00e4ren Kooperation in gemeinsamen thematischen Clustern. Unterst\u00fctzt wird die Arbeit des Zentrum u.a. durch drei Stiftungsprofessuren, die vom Land NRW und Industrieunternehmen der Region finanziert werden.<\/p>\n","protected":false},"excerpt":{"rendered":"<p>Essen (idr). An der Universit\u00e4t Duisburg-Essen wird am 8. Februar das Interdisziplin\u00e4re Zentrum f\u00fcr Integrations- und Migrationsforschung (InZentIM) er\u00f6ffnet. Aufgabe des neuen Zentrums ist es, den Wandel, der durch Migration in den Bereichen Arbeit, Bildung, Gesundheit, Kultur, Politik, Recht, Religion und Sprache entsteht, theoretisch und empirisch zu erfassen und M\u00f6glichkeiten der Gestaltung aufzuzeigen. Das InZentIM [&hellip;]<\/p>\n","protected":false},"author":4,"featured_media":0,"comment_status":"open","ping_status":"open","sticky":false,"template":"","format":"standard","meta":{"_genesis_hide_title":false,"_genesis_hide_breadcrumbs":false,"_genesis_hide_singular_image":false,"_genesis_hide_footer_widgets":false,"_genesis_custom_body_class":"","_genesis_custom_post_class":"","_genesis_layout":"","ngg_post_thumbnail":0,"jetpack_post_was_ever_published":false,"_jetpack_newsletter_access":"","_jetpack_dont_email_post_to_subs":false,"_jetpack_newsletter_tier_id":0,"_jetpack_memberships_contains_paywalled_content":false,"_jetpack_memberships_contains_paid_content":false,"footnotes":"","jetpack_publicize_message":"","jetpack_publicize_feature_enabled":true,"jetpack_social_post_already_shared":true,"jetpack_social_options":{"image_generator_settings":{"template":"highway","default_image_id":0,"font":"","enabled":false},"version":2}},"categories":[3,6],"tags":[],"class_list":{"0":"post-2418","1":"post","2":"type-post","3":"status-publish","4":"format-standard","6":"category-news","7":"category-waltrop-und-umgebung","8":"entry"},"aioseo_notices":[],"jetpack_publicize_connections":[],"jetpack_featured_media_url":"","jetpack_sharing_enabled":true,"jetpack_shortlink":"https:\/\/wp.me\/pdR32e-D0","jetpack-related-posts":[],"_links":{"self":[{"href":"https:\/\/fh-waltrop.de\/index.php\/wp-json\/wp\/v2\/posts\/2418","targetHints":{"allow":["GET"]}}],"collection":[{"href":"https:\/\/fh-waltrop.de\/index.php\/wp-json\/wp\/v2\/posts"}],"about":[{"href":"https:\/\/fh-waltrop.de\/index.php\/wp-json\/wp\/v2\/types\/post"}],"author":[{"embeddable":true,"href":"https:\/\/fh-waltrop.de\/index.php\/wp-json\/wp\/v2\/users\/4"}],"replies":[{"embeddable":true,"href":"https:\/\/fh-waltrop.de\/index.php\/wp-json\/wp\/v2\/comments?post=2418"}],"version-history":[{"count":0,"href":"https:\/\/fh-waltrop.de\/index.php\/wp-json\/wp\/v2\/posts\/2418\/revisions"}],"wp:attachment":[{"href":"https:\/\/fh-waltrop.de\/index.php\/wp-json\/wp\/v2\/media?parent=2418"}],"wp:term":[{"taxonomy":"category","embeddable":true,"href":"https:\/\/fh-waltrop.de\/index.php\/wp-json\/wp\/v2\/categories?post=2418"},{"taxonomy":"post_tag","embeddable":true,"href":"https:\/\/fh-waltrop.de\/index.php\/wp-json\/wp\/v2\/tags?post=2418"}],"curies":[{"name":"wp","href":"https:\/\/api.w.org\/{rel}","templated":true}]}}