{"id":2560,"date":"2017-04-09T17:02:48","date_gmt":"2017-04-09T16:02:48","guid":{"rendered":"http:\/\/fh-waltrop.de\/?p=2560"},"modified":"2017-04-09T17:02:48","modified_gmt":"2017-04-09T16:02:48","slug":"willkommenskultur-besteht-stresstest-aber-skepsis-gegenuber-migration-wachst","status":"publish","type":"post","link":"https:\/\/fh-waltrop.de\/index.php\/willkommenskultur-besteht-stresstest-aber-skepsis-gegenuber-migration-wachst\/","title":{"rendered":"Willkommenskultur besteht \u201eStresstest\u201c, aber Skepsis gegen\u00fcber Migration w\u00e4chst"},"content":{"rendered":"<div align=\"center\"><\/div>\n<div>\n<figure id=\"attachment_505\" aria-describedby=\"caption-attachment-505\" style=\"width: 900px\" class=\"wp-caption aligncenter\"><img loading=\"lazy\" decoding=\"async\" data-attachment-id=\"505\" data-permalink=\"https:\/\/fh-waltrop.de\/index.php\/photography-2\/demo-waltrop-gegen-rassismus-21\/\" data-orig-file=\"https:\/\/fh-waltrop.de\/wp-content\/uploads\/2015\/09\/D3X8362.jpg\" data-orig-size=\"900,600\" data-comments-opened=\"1\" data-image-meta=\"{&quot;aperture&quot;:&quot;8&quot;,&quot;credit&quot;:&quot;Bernd Schaefer&quot;,&quot;camera&quot;:&quot;NIKON D3X&quot;,&quot;caption&quot;:&quot;&quot;,&quot;created_timestamp&quot;:&quot;1445689061&quot;,&quot;copyright&quot;:&quot;Copyright by Bernd Schaefer&quot;,&quot;focal_length&quot;:&quot;28&quot;,&quot;iso&quot;:&quot;400&quot;,&quot;shutter_speed&quot;:&quot;0.005&quot;,&quot;title&quot;:&quot;Demo Waltrop gegen Rassismus&quot;,&quot;orientation&quot;:&quot;1&quot;}\" data-image-title=\"Demo Waltrop gegen Rassismus\" data-image-description=\"\" data-image-caption=\"&lt;p&gt;Foto (c): B. Sch\u00e4fer&lt;\/p&gt;\n\" data-large-file=\"https:\/\/fh-waltrop.de\/wp-content\/uploads\/2015\/09\/D3X8362.jpg\" class=\"size-full wp-image-505\" src=\"http:\/\/fh-waltrop.de\/wp-content\/uploads\/2015\/09\/D3X8362.jpg\" alt=\"\" width=\"900\" height=\"600\" srcset=\"https:\/\/fh-waltrop.de\/wp-content\/uploads\/2015\/09\/D3X8362.jpg 900w, https:\/\/fh-waltrop.de\/wp-content\/uploads\/2015\/09\/D3X8362-300x200.jpg 300w\" sizes=\"auto, (max-width: 900px) 100vw, 900px\" \/><figcaption id=\"caption-attachment-505\" class=\"wp-caption-text\">Foto (c): B. Sch\u00e4fer<\/figcaption><\/figure>\n<p><span style=\"font-family: Arial; font-size: small;\">\u00a0<\/span><span style=\"font-size: small;\"><b>Eine ausgepr\u00e4gte Willkommenskultur hat in Deutschland noch keine lange Tradition. Trotzdem hat sie sich als erstaunlich robust erwiesen, als in den vergangenen zwei Jahren rund 1,2 Millionen Fl\u00fcchtlinge nach Deutschland kamen. Doch die Stimmung in der Bev\u00f6lkerung ver\u00e4ndert sich: Viele sehen eine Belastungsgrenze erreicht, Vorteile von Einwanderung geraten aus dem Blick.<\/b><\/span><\/div>\n<div><span style=\"font-family: Arial; font-size: small;\">\u00a0<\/span><\/div>\n<div><span style=\"font-size: small;\"><u>G\u00fctersloh, 7. April 2017<\/u>. Die Willkommenskultur in Deutschland hat ihren ersten gro\u00dfen \u201eStresstest\u201c bestanden, aber deutliche Kratzer abbekommen. Das zeigt eine Studie der Bertelsmann Stiftung auf Grundlage einer aktuellen Emnid-Umfrage. Deutschland pr\u00e4sentiert sich trotz der Rekordzuwanderung insbesondere von Fl\u00fcchtlingen als offene und gereifte Einwanderungsgesellschaft. Allerdings geht die Bereitschaft zur weiteren Aufnahme von Fl\u00fcchtlingen deutlich zur\u00fcck. Insbesondere die Menschen in den ostdeutschen Bundesl\u00e4ndern begegnen Migranten zunehmend skeptisch.<\/span><\/div>\n<div><span style=\"font-size: small;\">\u00a0<\/span><\/div>\n<div><span style=\"font-size: small;\">Eine deutliche Mehrheit der Befragten ist der Ansicht, dass sowohl staatliche Stellen (77 Prozent) als auch die Bev\u00f6lkerung vor Ort (70 Prozent), Einwanderer willkommen hei\u00dfen, die in Deutschland arbeiten oder studieren wollen. Diese Werte klettern kontinuierlich seit 2012 im Vergleich zu \u00e4hnlichen Befragungen. Es verfestigt sich somit der Eindruck, Deutschland \u00f6ffne sich immer st\u00e4rker f\u00fcr qualifizierte Einwanderer. Gegen\u00fcber Fl\u00fcchtlingen wird die Willkommenskultur sowohl in Beh\u00f6rden (73 Prozent) als auch in der Bev\u00f6lkerung (59 Prozent) allerdings als weniger ausgepr\u00e4gt wahrgenommen als gegen\u00fcber Einwanderern. Aber f\u00fcr z\u00fcgige Arbeitserlaubnis (88 Prozent) und erfolgreiche Integration (77 Prozent) von Fl\u00fcchtlingen spricht sich eine konstant gro\u00dfe Mehrheit aus.<\/span><\/div>\n<div><span style=\"font-size: small;\">\u00a0<\/span><\/div>\n<div><span style=\"font-size: small;\"><b>Ost und West driften auseinander<\/b><\/span><\/div>\n<div><span style=\"font-size: small;\">Auff\u00e4llig ist der Ost-West-Vergleich. Schon in der vorhergehenden Umfrage zur Willkommenskultur vor zwei Jahren hatte sich gezeigt, dass in den ostdeutschen Bundesl\u00e4ndern entgegen dem Bundestrend die Skepsis gegen\u00fcber Einwanderung zugenommen hatte. Dieses Auseinanderdriften hat sich versch\u00e4rft. W\u00e4hrend im Osten mit 53 Prozent (West: 74 Prozent) immerhin noch eine knappe Mehrheit sagt, die Bev\u00f6lkerung hei\u00dfe Einwanderer willkommen, geht in der Fl\u00fcchtlingsfrage ein Riss durchs Land: Im Osten meinen nur noch 33 Prozent, die Bev\u00f6lkerung nehme Fl\u00fcchtlinge offen auf. Davon hingegen sind im Westen doppelt so viele B\u00fcrger (65 Prozent) \u00fcberzeugt.<\/span><\/div>\n<div><span style=\"font-size: small;\">\u00a0<\/span><\/div>\n<div><span style=\"font-size: small;\">Bundesweit gedreht hat sich die Bereitschaft zur weiteren Aufnahme von Fl\u00fcchtlingen. Eine knappe Mehrheit der Befragten (54 Prozent) sieht Deutschland an seiner Belastungsgrenze angekommen. Vor zwei Jahren teilten diese Auffassung nur 40 Prozent. Daf\u00fcr steigt die Zustimmung (von 76 auf 81 Prozent) zu der bislang nicht umgesetzten EU-Regelung, dass jedes Land, abh\u00e4ngig von Gr\u00f6\u00dfe und Wirtschaftskraft, eine feste Anzahl an Fl\u00fcchtlingen aufnehmen muss. \u201eDie Menschen in Deutschland blicken selbstbewusst darauf zur\u00fcck, so viele Fl\u00fcchtlinge so freundlich empfangen zu haben. Sie sagen aber auch: Jetzt sind andere L\u00e4nder ebenfalls an der Reihe\u201c, sagt J\u00f6rg Dr\u00e4ger, Vorstand der Bertelsmann Stiftung.<\/span><\/div>\n<div><span style=\"font-size: small;\">\u00a0<\/span><\/div>\n<div><span style=\"font-size: small;\"><b>Fl\u00fcchtlingsthema dr\u00e4ngt Vorteile von Einwanderung in den Hintergrund<\/b><\/span><\/div>\n<div><span style=\"font-size: small;\">Die Dominanz des Fl\u00fcchtlingsthemas f\u00e4rbt stark auf die generelle Wahrnehmung von Einwanderung ab. Zwar gilt laut Emnid-Umfrage das Anwerben qualifizierter Arbeitskr\u00e4fte aus dem Ausland nach wie vor f\u00fcr jeden Dritten als wichtigstes Instrument, um den Fachkr\u00e4ftemangel zu bek\u00e4mpfen. Jedoch schreiben die Deutschen der Zuwanderung l\u00e4ngst nicht mehr so positive Effekte zu wie vor zwei Jahren. Mehreinnahmen bei der Rentenversicherung (34 Prozent), Ausgleich des Fachkr\u00e4ftemangels (41 Prozent), Bedeutung f\u00fcr Ansiedlung internationaler Firmen (56 Prozent) \u2013 \u00fcberall gehen die Zustimmungswerte um mehr als zehn Prozentpunkte zur\u00fcck. \u00c4hnlich stark steigen hingegen die Zustimmungswerte zu negativen Auswirkungen wie Belastung f\u00fcr den Sozialstaat (79 Prozent), Konfliktpotenzial (72 Prozent), Probleme in den Schulen (68 Prozent) und Versch\u00e4rfung der Wohnungsnot (65 Prozent).<\/span><\/div>\n<div><span style=\"font-size: small;\">\u00a0<\/span><\/div>\n<div><span style=\"font-size: small;\">Im Generationenvergleich zeigt sich, dass die unter 30-J\u00e4hrigen die Auswirkungen von Einwanderung positiver und gelassener betrachten als die \u00e4lteren Befragten. Sie sehen kulturelle Vielfalt weitaus h\u00e4ufiger als Bereicherung und sehen deutlich seltener die Belastungsgrenze in Deutschland f\u00fcr eine Aufnahme zus\u00e4tzlicher Fl\u00fcchtlinge erreicht.<\/span><\/div>\n<div><span style=\"font-size: small;\">\u00a0<\/span><\/div>\n<div><span style=\"font-size: small;\">\u201cDie Stimmung in der Bev\u00f6lkerung gegen\u00fcber weiterer Zuwanderung ver\u00e4ndert sich\u201c, sagt Dr\u00e4ger. Drei Ma\u00dfnahmen seien jetzt wichtig. Erstens m\u00fcsse die EU endlich f\u00fcr Fairness und Gerechtigkeit bei der Verteilung der Gefl\u00fcchteten sorgen. Zweitens m\u00fcsse das Vertrauen der Bev\u00f6lkerung in das Asylmanagement von Bund und L\u00e4ndern von der Registrierung \u00fcber die zentrale Unterbringung und z\u00fcgige Verfahren bis zur m\u00f6glichen Anerkennung beziehungsweise R\u00fcckkehr gest\u00e4rkt werden. Drittens m\u00fcssten die Kommunen noch st\u00e4rker bei der Integration der Bleibeberechtigten unterst\u00fctzt werden, so Dr\u00e4ger. \u201eKonkurrenzsituationen zwischen Einheimischen und Einwanderer sind zu vermeiden, zum Beispiel durch neue Investitionen in den sozialen Wohnungsbau.\u201c<\/span><\/div>\n<div><span style=\"font-family: Arial; font-size: small;\">\u00a0<\/span><\/div>\n<div><span style=\"font-size: small;\"><u>Zusatzinformationen<\/u><\/span><\/div>\n<div><span style=\"font-size: small;\">F\u00fcr die Untersuchung &#8222;Willkommenskultur in Deutschland&#8220; befragte im Januar das Meinungsforschungsinstitut Kantar Emnid im Auftrag der Bertelsmann Stiftung 2.014 Menschen ab 14 Jahren, die in Deutschland wohnen. Vorl\u00e4uferstudien wurden von Emnid im August 2011, Oktober 2012 und Januar 2015 durchgef\u00fchrt, so dass Entwicklungen von Einstellungen abgebildet werden k\u00f6nnen.<\/span><\/div>\n","protected":false},"excerpt":{"rendered":"<p>\u00a0Eine ausgepr\u00e4gte Willkommenskultur hat in Deutschland noch keine lange Tradition. Trotzdem hat sie sich als erstaunlich robust erwiesen, als in den vergangenen zwei Jahren rund 1,2 Millionen Fl\u00fcchtlinge nach Deutschland kamen. Doch die Stimmung in der Bev\u00f6lkerung ver\u00e4ndert sich: Viele sehen eine Belastungsgrenze erreicht, Vorteile von Einwanderung geraten aus dem Blick. \u00a0 G\u00fctersloh, 7. April [&hellip;]<\/p>\n","protected":false},"author":4,"featured_media":0,"comment_status":"open","ping_status":"open","sticky":false,"template":"","format":"standard","meta":{"_genesis_hide_title":false,"_genesis_hide_breadcrumbs":false,"_genesis_hide_singular_image":false,"_genesis_hide_footer_widgets":false,"_genesis_custom_body_class":"","_genesis_custom_post_class":"","_genesis_layout":"","ngg_post_thumbnail":0,"jetpack_post_was_ever_published":false,"_jetpack_newsletter_access":"","_jetpack_dont_email_post_to_subs":false,"_jetpack_newsletter_tier_id":0,"_jetpack_memberships_contains_paywalled_content":false,"_jetpack_memberships_contains_paid_content":false,"footnotes":"","jetpack_publicize_message":"","jetpack_publicize_feature_enabled":true,"jetpack_social_post_already_shared":true,"jetpack_social_options":{"image_generator_settings":{"template":"highway","default_image_id":0,"font":"","enabled":false},"version":2}},"categories":[7,3,6],"tags":[],"class_list":{"0":"post-2560","1":"post","2":"type-post","3":"status-publish","4":"format-standard","6":"category-aus-aller-welt","7":"category-news","8":"category-waltrop-und-umgebung","9":"entry"},"aioseo_notices":[],"jetpack_publicize_connections":[],"jetpack_featured_media_url":"","jetpack_sharing_enabled":true,"jetpack_shortlink":"https:\/\/wp.me\/pdR32e-Fi","jetpack-related-posts":[],"_links":{"self":[{"href":"https:\/\/fh-waltrop.de\/index.php\/wp-json\/wp\/v2\/posts\/2560","targetHints":{"allow":["GET"]}}],"collection":[{"href":"https:\/\/fh-waltrop.de\/index.php\/wp-json\/wp\/v2\/posts"}],"about":[{"href":"https:\/\/fh-waltrop.de\/index.php\/wp-json\/wp\/v2\/types\/post"}],"author":[{"embeddable":true,"href":"https:\/\/fh-waltrop.de\/index.php\/wp-json\/wp\/v2\/users\/4"}],"replies":[{"embeddable":true,"href":"https:\/\/fh-waltrop.de\/index.php\/wp-json\/wp\/v2\/comments?post=2560"}],"version-history":[{"count":0,"href":"https:\/\/fh-waltrop.de\/index.php\/wp-json\/wp\/v2\/posts\/2560\/revisions"}],"wp:attachment":[{"href":"https:\/\/fh-waltrop.de\/index.php\/wp-json\/wp\/v2\/media?parent=2560"}],"wp:term":[{"taxonomy":"category","embeddable":true,"href":"https:\/\/fh-waltrop.de\/index.php\/wp-json\/wp\/v2\/categories?post=2560"},{"taxonomy":"post_tag","embeddable":true,"href":"https:\/\/fh-waltrop.de\/index.php\/wp-json\/wp\/v2\/tags?post=2560"}],"curies":[{"name":"wp","href":"https:\/\/api.w.org\/{rel}","templated":true}]}}