{"id":2570,"date":"2017-04-17T22:53:11","date_gmt":"2017-04-17T21:53:11","guid":{"rendered":"http:\/\/fh-waltrop.de\/?p=2570"},"modified":"2017-04-17T22:54:50","modified_gmt":"2017-04-17T21:54:50","slug":"das-video-vom-papst-04-2017-junge-leute-april-2017","status":"publish","type":"post","link":"https:\/\/fh-waltrop.de\/index.php\/das-video-vom-papst-04-2017-junge-leute-april-2017\/","title":{"rendered":"Das Video vom Papst 04-2017 \u2013 Junge Leute"},"content":{"rendered":"<p>April 2017. Das Video vom Papst: Die jungen Menschen stehen vor der Aufgabe, eine solidarischere und gerechtere Welt zu errichten. Unterst\u00fctzen wir sie dabei. Beten wir mit dem Papst daf\u00fcr, dass sie aktiv werden und sich gro\u00dfherzig f\u00fcr die Ver\u00e4nderungen, die die Welt braucht, einsetzen.<\/p>\n<p><span class=\"embed-youtube\" style=\"text-align:center; display: block;\"><iframe loading=\"lazy\" class=\"youtube-player\" width=\"640\" height=\"360\" src=\"https:\/\/www.youtube.com\/embed\/OF0-kc_euHM?version=3&#038;rel=1&#038;showsearch=0&#038;showinfo=1&#038;iv_load_policy=1&#038;fs=1&#038;hl=de-DE&#038;autohide=2&#038;wmode=transparent\" allowfullscreen=\"true\" style=\"border:0;\" sandbox=\"allow-scripts allow-same-origin allow-popups allow-presentation allow-popups-to-escape-sandbox\"><\/iframe><\/span><\/p>\n<p>\u201cIch wei\u00df, dass Ihr junge Menschen Euch nicht mit einer tr\u00fcgerischen Freiheit zufrieden gebt, die Euch suggeriert, den jeweiligen Moden nachlaufen zu m\u00fcssen, sondern dass Ihr nach H\u00f6herem strebt. Ist es nicht so, oder irre ich mich?<\/p>\n<p>Lasst nicht zu, dass andere die Protagonisten des Wandels sind!<\/p>\n<p>Ihr, die jungen Menschen, habt die Zukunft! Deshalb bitte ich Euch: Baut Ihr daran! Macht Euch auf und setzt Euch f\u00fcr eine bessere Welt ein. Wollt Ihr Euch dieser Herausforderung stellen?<\/p>\n<p>Betet mit mir f\u00fcr die jungen Menschen: Dass sie ihrer pers\u00f6nlichen Berufung bereitwillig folgen und sich f\u00fcr die gro\u00dfen Anliegen unserer Zeit mobilisieren.\u201c<\/p>\n<p>&nbsp;<\/p>\n","protected":false},"excerpt":{"rendered":"<p>April 2017. Das Video vom Papst: Die jungen Menschen stehen vor der Aufgabe, eine solidarischere und gerechtere Welt zu errichten. Unterst\u00fctzen wir sie dabei. Beten wir mit dem Papst daf\u00fcr, dass sie aktiv werden und sich gro\u00dfherzig f\u00fcr die Ver\u00e4nderungen, die die Welt braucht, einsetzen. \u201cIch wei\u00df, dass Ihr junge Menschen Euch nicht mit einer [&hellip;]<\/p>\n","protected":false},"author":4,"featured_media":0,"comment_status":"open","ping_status":"open","sticky":false,"template":"","format":"standard","meta":{"_genesis_hide_title":false,"_genesis_hide_breadcrumbs":false,"_genesis_hide_singular_image":false,"_genesis_hide_footer_widgets":false,"_genesis_custom_body_class":"","_genesis_custom_post_class":"","_genesis_layout":"","ngg_post_thumbnail":0,"jetpack_post_was_ever_published":false,"_jetpack_newsletter_access":"","_jetpack_dont_email_post_to_subs":true,"_jetpack_newsletter_tier_id":0,"_jetpack_memberships_contains_paywalled_content":false,"_jetpack_memberships_contains_paid_content":false,"footnotes":"","jetpack_publicize_message":"","jetpack_publicize_feature_enabled":true,"jetpack_social_post_already_shared":true,"jetpack_social_options":{"image_generator_settings":{"template":"highway","default_image_id":0,"font":"","enabled":false},"version":2}},"categories":[7,3],"tags":[],"class_list":{"0":"post-2570","1":"post","2":"type-post","3":"status-publish","4":"format-standard","6":"category-aus-aller-welt","7":"category-news","8":"entry"},"aioseo_notices":[],"jetpack_publicize_connections":[],"jetpack_featured_media_url":"","jetpack_sharing_enabled":true,"jetpack_shortlink":"https:\/\/wp.me\/pdR32e-Fs","jetpack-related-posts":[],"_links":{"self":[{"href":"https:\/\/fh-waltrop.de\/index.php\/wp-json\/wp\/v2\/posts\/2570","targetHints":{"allow":["GET"]}}],"collection":[{"href":"https:\/\/fh-waltrop.de\/index.php\/wp-json\/wp\/v2\/posts"}],"about":[{"href":"https:\/\/fh-waltrop.de\/index.php\/wp-json\/wp\/v2\/types\/post"}],"author":[{"embeddable":true,"href":"https:\/\/fh-waltrop.de\/index.php\/wp-json\/wp\/v2\/users\/4"}],"replies":[{"embeddable":true,"href":"https:\/\/fh-waltrop.de\/index.php\/wp-json\/wp\/v2\/comments?post=2570"}],"version-history":[{"count":0,"href":"https:\/\/fh-waltrop.de\/index.php\/wp-json\/wp\/v2\/posts\/2570\/revisions"}],"wp:attachment":[{"href":"https:\/\/fh-waltrop.de\/index.php\/wp-json\/wp\/v2\/media?parent=2570"}],"wp:term":[{"taxonomy":"category","embeddable":true,"href":"https:\/\/fh-waltrop.de\/index.php\/wp-json\/wp\/v2\/categories?post=2570"},{"taxonomy":"post_tag","embeddable":true,"href":"https:\/\/fh-waltrop.de\/index.php\/wp-json\/wp\/v2\/tags?post=2570"}],"curies":[{"name":"wp","href":"https:\/\/api.w.org\/{rel}","templated":true}]}}