{"id":2732,"date":"2017-06-12T13:16:24","date_gmt":"2017-06-12T12:16:24","guid":{"rendered":"http:\/\/fh-waltrop.de\/?p=2732"},"modified":"2017-06-12T13:18:31","modified_gmt":"2017-06-12T12:18:31","slug":"zwei-millionen-jahre-migration","status":"publish","type":"post","link":"https:\/\/fh-waltrop.de\/index.php\/zwei-millionen-jahre-migration\/","title":{"rendered":"Zwei Millionen Jahre Migration"},"content":{"rendered":"<div class=\"page\" title=\"Page 1\">\n<div class=\"layoutArea\">\n<div class=\"column\">\n<figure id=\"attachment_2733\" aria-describedby=\"caption-attachment-2733\" style=\"width: 730px\" class=\"wp-caption aligncenter\"><img loading=\"lazy\" decoding=\"async\" data-attachment-id=\"2733\" data-permalink=\"https:\/\/fh-waltrop.de\/index.php\/zwei-millionen-jahre-migration\/migration-key-visual\/\" data-orig-file=\"https:\/\/fh-waltrop.de\/wp-content\/uploads\/2017\/06\/Migration-Key-Visual.jpg\" data-orig-size=\"1819,2551\" data-comments-opened=\"1\" data-image-meta=\"{&quot;aperture&quot;:&quot;0&quot;,&quot;credit&quot;:&quot;&quot;,&quot;camera&quot;:&quot;&quot;,&quot;caption&quot;:&quot;&quot;,&quot;created_timestamp&quot;:&quot;0&quot;,&quot;copyright&quot;:&quot;Joan Vicent Canto Roig&quot;,&quot;focal_length&quot;:&quot;0&quot;,&quot;iso&quot;:&quot;0&quot;,&quot;shutter_speed&quot;:&quot;0&quot;,&quot;title&quot;:&quot;&quot;,&quot;orientation&quot;:&quot;0&quot;}\" data-image-title=\"Migration-Key Visual\" data-image-description=\"\" data-image-caption=\"&lt;p&gt;(c): Neanderthal Museum&lt;\/p&gt;\n\" data-large-file=\"https:\/\/fh-waltrop.de\/wp-content\/uploads\/2017\/06\/Migration-Key-Visual-730x1024.jpg\" class=\"size-large wp-image-2733\" src=\"http:\/\/fh-waltrop.de\/wp-content\/uploads\/2017\/06\/Migration-Key-Visual-730x1024.jpg\" alt=\"\" width=\"730\" height=\"1024\" srcset=\"https:\/\/fh-waltrop.de\/wp-content\/uploads\/2017\/06\/Migration-Key-Visual-730x1024.jpg 730w, https:\/\/fh-waltrop.de\/wp-content\/uploads\/2017\/06\/Migration-Key-Visual-214x300.jpg 214w, https:\/\/fh-waltrop.de\/wp-content\/uploads\/2017\/06\/Migration-Key-Visual-768x1077.jpg 768w, https:\/\/fh-waltrop.de\/wp-content\/uploads\/2017\/06\/Migration-Key-Visual.jpg 1819w\" sizes=\"auto, (max-width: 730px) 100vw, 730px\" \/><figcaption id=\"caption-attachment-2733\" class=\"wp-caption-text\">(c): Neanderthal Museum<\/figcaption><\/figure>\n<p>Sonderausstellung im Neanderthal Museum geht noch bis zum \u00a05. November 2017<\/p>\n<p>Die aktuelle Einwanderung von Menschen aus Afrika und Westasien nach Europa l\u00f6st um- fassende Debatten aus und wird die europ\u00e4ischen Gesellschaften \u00fcber Jahre hinaus begleiten.<\/p>\n<p>Die Ausstellung verdeutlicht mit einem Blick in unsere fr\u00fcheste menschliche Entwick- lungsgeschichte, dass Mobilit\u00e4t und Migration selbstverst\u00e4ndliche Bestandteile des Menschseins und kein modernes Ph\u00e4nomen sind. Menschen waren zu allen Zeiten mobil. Auf der Suche nach Nahrung, Wasser und anderen Ressourcen haben sie sich stets so- wohl kleinr\u00e4umig bewegt als auch andere Regionen und Kontinente besiedelt. Die Aus- stellung pr\u00e4sentiert unsere unterschiedlichen Wurzeln aus Afrika und Westasien. Men- schen sind in Afrika entstanden. Vertreter von Homo erectus und sp\u00e4ter anatomisch mo- derne Menschen kamen aus Afrika nach Asien und Europa und haben sich von dort aus- gebreitet. Vor erst 7000 Jahren wanderten Ackerbauern und Viehz\u00fcchter aus der heuti- gen T\u00fcrkei nach Europa ein. Sie vermischten sich mit der hier ans\u00e4ssigen Bev\u00f6lkerung. Vor 4000 Jahren wanderten Menschen aus den \u00f6stlichen Steppen Richtung Westen und es kam erneut zu einer Vermischung und zum Kulturaustausch.<\/p>\n<p>Verpackt in ein ungew\u00f6hnliches Design l\u00e4dt die Ausstellung die Besucher ein zu ergr\u00fcnden, welche Ursachen, Mechanismen und Auswirkungen hinter dem Ph\u00e4nomen der Mig- ration standen und stehen und dass wir alle ein Teil davon sind.<\/p>\n<p>Seit 2009 erforscht ein Team aus 70 Wissenschaftlern und Wissenschaftlerinnen in dem Sonderforschungsbereich 806 \u201eOur way to Europe\u201c an der Universit\u00e4t K\u00f6ln die Ausbrei- tung der anatomisch modernen Menschen von Afrika aus nach Europa. Ausgel\u00f6st durch die aktuelle politische Situation wurde der Entschluss gefasst, eine Br\u00fccke zu schlagen zwischen Eiszeit und Moderne und die Chance zu nutzen, die Aktualit\u00e4t arch\u00e4ologischer Forschung f\u00fcr heutige gesellschaftliche Herausforderungen deutlich zu machen.<\/p>\n<p>Die Ausstellung wird von der Deutschen Forschungsgemeinschaft und der Stiftung Merca- tor gef\u00f6rdert. Sie entsteht in Kooperation zwischen dem Neanderthal Museum, der Uni- versit\u00e4t zu K\u00f6ln, dem Max-Planck-Institut f\u00fcr Menschheitsgeschichte Jena und der Hei- delberger Akademie der Wissenschaften.<\/p>\n<p>Sie wird konzipiert und realisiert in Zusammenarbeit mit den Firmen Blank Ausstellungs- bau, D\u00fcsseldorf, Studio KQ, Dortmund und Gellwitzki, Hilden<\/p>\n<p>Weiter Informationen:\u00a0<a href=\"https:\/\/www.neanderthal.de\/files\/PDF\/NTM%20SA%20Migration%20Begleitprogramm%20RZ%20Web.pdf\" target=\"_blank\" rel=\"noopener noreferrer\">Neanderthal Museum Informationen als PDF<\/a><\/p>\n<div class=\"page\" title=\"Page 1\">\n<div class=\"layoutArea\">\n<div class=\"column\">\n<p>NEANDERTHAL MUSEUM<\/p>\n<\/div>\n<\/div>\n<div class=\"layoutArea\">\n<div class=\"column\">\n<p>Talstr. 300 \u00b7 40822 Mettmann \u00b7 neanderthal.de<\/p>\n<p>Buchungsteam<\/p>\n<\/div>\n<\/div>\n<div class=\"layoutArea\">\n<div class=\"column\">\n<p>Tel 0 21 04. 97 97 &#8211; 15 \u00b7 Fax 0 21 04. 97 97 &#8211; 24 buchung@neanderthal.de<\/p>\n<p>Allgemeine Informationen<\/p>\n<p>Tel 0 21 04. 97 97 &#8211; 0 \u00b7 Fax 0 21 04. 97 97 &#8211; 96 museum@neanderthal.de<\/p>\n<p>\u00d6ffnungszeiten<\/p>\n<p>Di \u2013 So 10.00 \u2013 18.00 Uhr<br \/>\nauch am Tag der Deutschen Einheit ge\u00f6ffnet<\/p>\n<\/div>\n<\/div>\n<\/div>\n<\/div>\n<\/div>\n<\/div>\n","protected":false},"excerpt":{"rendered":"<p>Sonderausstellung im Neanderthal Museum geht noch bis zum \u00a05. November 2017 Die aktuelle Einwanderung von Menschen aus Afrika und Westasien nach Europa l\u00f6st um- fassende Debatten aus und wird die europ\u00e4ischen Gesellschaften \u00fcber Jahre hinaus begleiten. Die Ausstellung verdeutlicht mit einem Blick in unsere fr\u00fcheste menschliche Entwick- lungsgeschichte, dass Mobilit\u00e4t und Migration selbstverst\u00e4ndliche Bestandteile des [&hellip;]<\/p>\n","protected":false},"author":4,"featured_media":0,"comment_status":"open","ping_status":"open","sticky":false,"template":"","format":"standard","meta":{"_genesis_hide_title":false,"_genesis_hide_breadcrumbs":false,"_genesis_hide_singular_image":false,"_genesis_hide_footer_widgets":false,"_genesis_custom_body_class":"","_genesis_custom_post_class":"","_genesis_layout":"","ngg_post_thumbnail":0,"jetpack_post_was_ever_published":false,"_jetpack_newsletter_access":"","_jetpack_dont_email_post_to_subs":false,"_jetpack_newsletter_tier_id":0,"_jetpack_memberships_contains_paywalled_content":false,"_jetpack_memberships_contains_paid_content":false,"footnotes":"","jetpack_publicize_message":"","jetpack_publicize_feature_enabled":true,"jetpack_social_post_already_shared":true,"jetpack_social_options":{"image_generator_settings":{"template":"highway","default_image_id":0,"font":"","enabled":false},"version":2}},"categories":[3,6],"tags":[],"class_list":{"0":"post-2732","1":"post","2":"type-post","3":"status-publish","4":"format-standard","6":"category-news","7":"category-waltrop-und-umgebung","8":"entry"},"aioseo_notices":[],"jetpack_publicize_connections":[],"jetpack_featured_media_url":"","jetpack_sharing_enabled":true,"jetpack_shortlink":"https:\/\/wp.me\/pdR32e-I4","jetpack-related-posts":[],"_links":{"self":[{"href":"https:\/\/fh-waltrop.de\/index.php\/wp-json\/wp\/v2\/posts\/2732","targetHints":{"allow":["GET"]}}],"collection":[{"href":"https:\/\/fh-waltrop.de\/index.php\/wp-json\/wp\/v2\/posts"}],"about":[{"href":"https:\/\/fh-waltrop.de\/index.php\/wp-json\/wp\/v2\/types\/post"}],"author":[{"embeddable":true,"href":"https:\/\/fh-waltrop.de\/index.php\/wp-json\/wp\/v2\/users\/4"}],"replies":[{"embeddable":true,"href":"https:\/\/fh-waltrop.de\/index.php\/wp-json\/wp\/v2\/comments?post=2732"}],"version-history":[{"count":0,"href":"https:\/\/fh-waltrop.de\/index.php\/wp-json\/wp\/v2\/posts\/2732\/revisions"}],"wp:attachment":[{"href":"https:\/\/fh-waltrop.de\/index.php\/wp-json\/wp\/v2\/media?parent=2732"}],"wp:term":[{"taxonomy":"category","embeddable":true,"href":"https:\/\/fh-waltrop.de\/index.php\/wp-json\/wp\/v2\/categories?post=2732"},{"taxonomy":"post_tag","embeddable":true,"href":"https:\/\/fh-waltrop.de\/index.php\/wp-json\/wp\/v2\/tags?post=2732"}],"curies":[{"name":"wp","href":"https:\/\/api.w.org\/{rel}","templated":true}]}}