{"id":3077,"date":"2017-09-07T10:53:57","date_gmt":"2017-09-07T09:53:57","guid":{"rendered":"http:\/\/fh-waltrop.de\/?p=3077"},"modified":"2017-09-07T22:19:19","modified_gmt":"2017-09-07T21:19:19","slug":"stellungnahme-zu-rechten-attacken-gegen-salam","status":"publish","type":"post","link":"https:\/\/fh-waltrop.de\/index.php\/stellungnahme-zu-rechten-attacken-gegen-salam\/","title":{"rendered":"Stellungnahme zu den rechten Attacken gegen Salam"},"content":{"rendered":"<p>Wir dokumentieren hier einen Leserbrief, der heute (07.09.2017) in der Waltroper Zeitung ver\u00f6ffentlicht wurde und in dem Bezug genommen wird, auf die verbalen Angriffe von Rechten gegen\u00fcber der Tanzgruppe Salam:<\/p>\n<p><img loading=\"lazy\" decoding=\"async\" data-attachment-id=\"2172\" data-permalink=\"https:\/\/fh-waltrop.de\/index.php\/photography-2\/_d3x0362\/\" data-orig-file=\"https:\/\/fh-waltrop.de\/wp-content\/uploads\/2015\/09\/D3X0362.jpg\" data-orig-size=\"900,600\" data-comments-opened=\"1\" data-image-meta=\"{&quot;aperture&quot;:&quot;0&quot;,&quot;credit&quot;:&quot;&quot;,&quot;camera&quot;:&quot;&quot;,&quot;caption&quot;:&quot;&quot;,&quot;created_timestamp&quot;:&quot;0&quot;,&quot;copyright&quot;:&quot;Copyright by Bernd Schaefer&quot;,&quot;focal_length&quot;:&quot;0&quot;,&quot;iso&quot;:&quot;0&quot;,&quot;shutter_speed&quot;:&quot;0&quot;,&quot;title&quot;:&quot;&quot;,&quot;orientation&quot;:&quot;0&quot;}\" data-image-title=\"_d3x0362\" data-image-description=\"\" data-image-caption=\"\" data-large-file=\"https:\/\/fh-waltrop.de\/wp-content\/uploads\/2015\/09\/D3X0362.jpg\" class=\"size-full wp-image-2172 aligncenter\" src=\"http:\/\/fh-waltrop.de\/wp-content\/uploads\/2015\/09\/D3X0362.jpg\" alt=\"\" width=\"900\" height=\"600\" srcset=\"https:\/\/fh-waltrop.de\/wp-content\/uploads\/2015\/09\/D3X0362.jpg 900w, https:\/\/fh-waltrop.de\/wp-content\/uploads\/2015\/09\/D3X0362-300x200.jpg 300w, https:\/\/fh-waltrop.de\/wp-content\/uploads\/2015\/09\/D3X0362-768x512.jpg 768w\" sizes=\"auto, (max-width: 900px) 100vw, 900px\" \/><\/p>\n<p>Hallo lieber Waltroper,<\/p>\n<p>ich bin Mervan Rescho und Ich m\u00f6chte gerne an alle AfD-Parteimitglieder und denen die der Partei nahe stehen, etwas zur Information mitteilen.<\/p>\n<p>Ich komme aus Syrien und bin seit 2015 hier in Deutschland. Ich habe meinen Schulabschluss nachgeholt und spreche gut Deutsch. Nach einem Praktikum in einer der gr\u00f6\u00dften Firmen in der Chemieindustrie in Deutschland als Auszubildender als Chemikant und Techniker \u00fcbernommen worden.<\/p>\n<p>Einen F\u00fchrerschein habe ich hier gemacht. Die Tanzgruppe Salam (auf Deutsch: Frieden) habe ich gegr\u00fcndet. Zusammen mit der Gruppe haben wir schon einige Auftritte in Waltrop, Selm und Recklinghausen, z.B. bei den Ruhrfestspielen 2016, gehabt. Ehrenamtlich arbeite ich in der Fl\u00fcchtlingshilfe Waltrop mit viele Deutschen, die sich ehrenamtlich auch f\u00fcr diese Menschen engagieren. Die deutsche und die arabische Kultur, deshalb auch unser Tanzen, haben einen Platz in meinem Leben.<\/p>\n<p>In der Zeit in der ich hier lebe, habe ich viele freundliche und Menschen getroffen, die mich und andere vorurteilsfrei unterst\u00fctzt haben. Ich habe keine Hassgef\u00fchle. Leider ist es bei einer anderen Gruppierung anders. Und das, obwohl sie mich und andere nicht kennen oder kennenlernen m\u00f6chten.<\/p>\n<p>Ich habe kein Hass in mir gegen niemanden und ich mag alle Leute, die mich respektvoll behandeln. Man kann anderer Meinung sein aber ein respektvoller Umgang sollte doch selbstverst\u00e4ndlich sein. Was immer behauptet und verallgemeinert wird: dass wir nur aus wirtschaftlichen Interessen hier sind. Wir m\u00f6chten arbeiten, Steuern zahlen. Die Beachtung der Gesetze wie auch alle B\u00fcrger die Deutschland leben geh\u00f6rt dazu und auch in das Rentensystem einzahlen. Eine Islamisierung von Deutschland, wie andere es uns vorwerfen, liegt nicht in unserem Interesse. Im Grundgesetz ist die Religionsfreiheit vorgegeben.<\/p>\n<p>Wer uns, oder mich kennenlernen m\u00f6chte, kann das gerne bei einem unserer Auftritte machen. Oder kommen sie doch einfach auf einen Kuchen, Kaffee oder Tee am Sonntag ab 16:00 Uhr ins Haus der Begegnung. Es sind alle, die ein Gespr\u00e4chsbedarf oder sich ein eigenes Bild von uns machen m\u00f6chte herzlich eingeladen.<\/p>\n<p>Ich w\u00fcrde mich freuen mit Ihnen ein interessante Unterhaltung zu f\u00fchren.<\/p>\n<p>Mervan Resho<\/p>\n","protected":false},"excerpt":{"rendered":"<p>Wir dokumentieren hier einen Leserbrief, der heute (07.09.2017) in der Waltroper Zeitung ver\u00f6ffentlicht wurde und in dem Bezug genommen wird, auf die verbalen Angriffe von Rechten gegen\u00fcber der Tanzgruppe Salam: Hallo lieber Waltroper, ich bin Mervan Rescho und Ich m\u00f6chte gerne an alle AfD-Parteimitglieder und denen die der Partei nahe stehen, etwas zur Information mitteilen. [&hellip;]<\/p>\n","protected":false},"author":4,"featured_media":0,"comment_status":"open","ping_status":"open","sticky":false,"template":"","format":"standard","meta":{"_genesis_hide_title":false,"_genesis_hide_breadcrumbs":false,"_genesis_hide_singular_image":false,"_genesis_hide_footer_widgets":false,"_genesis_custom_body_class":"","_genesis_custom_post_class":"","_genesis_layout":"","ngg_post_thumbnail":0,"jetpack_post_was_ever_published":false,"_jetpack_newsletter_access":"","_jetpack_dont_email_post_to_subs":false,"_jetpack_newsletter_tier_id":0,"_jetpack_memberships_contains_paywalled_content":false,"_jetpack_memberships_contains_paid_content":false,"footnotes":"","jetpack_publicize_message":"","jetpack_publicize_feature_enabled":true,"jetpack_social_post_already_shared":true,"jetpack_social_options":{"image_generator_settings":{"template":"highway","default_image_id":0,"font":"","enabled":false},"version":2}},"categories":[3,6],"tags":[],"class_list":{"0":"post-3077","1":"post","2":"type-post","3":"status-publish","4":"format-standard","6":"category-news","7":"category-waltrop-und-umgebung","8":"entry"},"aioseo_notices":[],"jetpack_publicize_connections":[],"jetpack_featured_media_url":"","jetpack_sharing_enabled":true,"jetpack_shortlink":"https:\/\/wp.me\/pdR32e-ND","jetpack-related-posts":[],"_links":{"self":[{"href":"https:\/\/fh-waltrop.de\/index.php\/wp-json\/wp\/v2\/posts\/3077","targetHints":{"allow":["GET"]}}],"collection":[{"href":"https:\/\/fh-waltrop.de\/index.php\/wp-json\/wp\/v2\/posts"}],"about":[{"href":"https:\/\/fh-waltrop.de\/index.php\/wp-json\/wp\/v2\/types\/post"}],"author":[{"embeddable":true,"href":"https:\/\/fh-waltrop.de\/index.php\/wp-json\/wp\/v2\/users\/4"}],"replies":[{"embeddable":true,"href":"https:\/\/fh-waltrop.de\/index.php\/wp-json\/wp\/v2\/comments?post=3077"}],"version-history":[{"count":0,"href":"https:\/\/fh-waltrop.de\/index.php\/wp-json\/wp\/v2\/posts\/3077\/revisions"}],"wp:attachment":[{"href":"https:\/\/fh-waltrop.de\/index.php\/wp-json\/wp\/v2\/media?parent=3077"}],"wp:term":[{"taxonomy":"category","embeddable":true,"href":"https:\/\/fh-waltrop.de\/index.php\/wp-json\/wp\/v2\/categories?post=3077"},{"taxonomy":"post_tag","embeddable":true,"href":"https:\/\/fh-waltrop.de\/index.php\/wp-json\/wp\/v2\/tags?post=3077"}],"curies":[{"name":"wp","href":"https:\/\/api.w.org\/{rel}","templated":true}]}}