{"id":3153,"date":"2017-09-12T17:33:35","date_gmt":"2017-09-12T16:33:35","guid":{"rendered":"http:\/\/fh-waltrop.de\/?p=3153"},"modified":"2017-09-12T17:38:48","modified_gmt":"2017-09-12T16:38:48","slug":"ausgezeichnete-fotoarbeiten-zeigen-grenzen-auf","status":"publish","type":"post","link":"https:\/\/fh-waltrop.de\/index.php\/ausgezeichnete-fotoarbeiten-zeigen-grenzen-auf\/","title":{"rendered":"Ausgezeichnete Fotoarbeiten zeigen \u201eGrenzen\u201c auf"},"content":{"rendered":"<p><strong>Die Gewinnerserien des Europ\u00e4ischen Architekturfotografie-Preises architekturbild 2017 sind vom 12. Oktober bis zum 18. November 2017 im Wissenschaftspark Gelsenkirchen zu sehen.<\/strong><\/p>\n<figure id=\"attachment_3154\" aria-describedby=\"caption-attachment-3154\" style=\"width: 252px\" class=\"wp-caption alignleft\"><a href=\"http:\/\/fh-waltrop.de\/wp-content\/uploads\/2017\/09\/wipage1.png\"><img loading=\"lazy\" decoding=\"async\" data-attachment-id=\"3154\" data-permalink=\"https:\/\/fh-waltrop.de\/index.php\/ausgezeichnete-fotoarbeiten-zeigen-grenzen-auf\/wipage1\/\" data-orig-file=\"https:\/\/fh-waltrop.de\/wp-content\/uploads\/2017\/09\/wipage1.png\" data-orig-size=\"252,200\" data-comments-opened=\"1\" data-image-meta=\"{&quot;aperture&quot;:&quot;0&quot;,&quot;credit&quot;:&quot;&quot;,&quot;camera&quot;:&quot;&quot;,&quot;caption&quot;:&quot;&quot;,&quot;created_timestamp&quot;:&quot;0&quot;,&quot;copyright&quot;:&quot;&quot;,&quot;focal_length&quot;:&quot;0&quot;,&quot;iso&quot;:&quot;0&quot;,&quot;shutter_speed&quot;:&quot;0&quot;,&quot;title&quot;:&quot;&quot;,&quot;orientation&quot;:&quot;0&quot;}\" data-image-title=\"wipage1\" data-image-description=\"\" data-image-caption=\"\" data-large-file=\"https:\/\/fh-waltrop.de\/wp-content\/uploads\/2017\/09\/wipage1.png\" class=\"wp-image-3154 size-full\" src=\"http:\/\/fh-waltrop.de\/wp-content\/uploads\/2017\/09\/wipage1.png\" alt=\"\" width=\"252\" height=\"200\" \/><\/a><figcaption id=\"caption-attachment-3154\" class=\"wp-caption-text\">\u00a9 Foto: Andreas Gehrke \\ architekturbild 2017<\/figcaption><\/figure>\n<p>Sch\u00fctzend oder abschreckend, subtil oder plakativ &#8211; so unterschiedlich kann die Funktion von Grenzen wahrgenommen werden. Mit &#8222;Grenzen | Borders&#8220; widmet sich der Europ\u00e4ische Architekturfotografie-Preis architekturbild 2017 in diesem Jahr den vielf\u00e4ltigen Interpretationen dieses Themas. Die 28 pr\u00e4mierten Bildserien zeigt das Fotoprojekt bild.sprachen vom 12. Oktober bis zum 18. November 2017 im Wissenschaftspark Gelsenkirchen. Mit ihren Bildern erz\u00e4hlen die internationalen Fotografen, wie sich Grenzen \u00f6ffnen oder schlie\u00dfen, wie sie ein- oder ausgrenzen oder sie setzen sich fotografisch-k\u00fcnstlerisch mit der Grenze als Definition geografischer oder (stadt-)r\u00e4umlicher Areale auseinander. Die Ausstellung wird Donnerstag, 12. Oktober, 18.30 Uhr, er\u00f6ffnet und ist die erste und voraussichtlich einzige Ausstellung des Europ\u00e4ischen Architekturfotografie-Preises in Nordrhein-Westfalen. Der Eintritt ist frei.<\/p>\n<p>Insgesamt hatten sich 133 Fotografinnen und Fotografen &#8211; nicht nur aus Deutschland, sondern auch aus Japan, den USA, Kanada, Irland, Gro\u00dfbritannien, Estland, \u00d6sterreich und der Schweiz &#8211; am Wettbewerb beteiligt. Den ersten Platz erreichte der Fotograf Andreas Gehrke mit seiner Bildserie Arrival. Er dokumentiert provisorische Fl\u00fcchtlingsunterk\u00fcnfte in Berlin. Durch den Wechsel zwischen Schwarz-Wei\u00df- und Farbfotografie verweist Gehrke jeweils auf Situationen der Vergangenheit beziehungsweise Gegenwart.<\/p>\n<p>Ebenfalls im Wissenschaftspark zu sehen sind drei weitere Preistr\u00e4ger: Matthias Jung stellt dem Betrachter in seiner Serie Revier eine geheimnisvolle Geisterstadt vor; die besiedelten Landschaften zwischen den Tagebauen von Hambach und Garzweiler in Nordrhein-Westfalen, die f\u00fcr den Braunkohleabbau aufgegeben sind. In seinen Bildern veranschaulicht er die Komplexit\u00e4t des Daseins und den Einfluss des Menschen auf seine Umwelt. Daniel Poller widmet seine Serie stone record den Themen Umbau, Abriss, Neubau in nie endender Wiederkehr. Damit verweist Poller auch auf die Folgen eines grenzenlosen Immobilienmarktes. Die im Dunkeln nennt Wilhelm Sch\u00fcnemann seine Arbeiten. Er fotografierte Spiegelungen in gro\u00dfen Fenstern und dahinterliegenden Vorh\u00e4ngen, die keinen Blick freigeben auf das Innere des Geb\u00e4udes. Auf diese Weise spielt Sch\u00fcnemann mit Schein und Kulisse.<\/p>\n<p>Dar\u00fcber hinaus sind Arbeiten von Alexander Beck, Martin Dziuba, Philippe Grollier, Wolfram Janzer und Sally-Ann Norman zu sehen. Sie wurden im Wettbewerb mit einer Auszeichnung gew\u00fcrdigt. Au\u00dferdem pr\u00e4sentiert bild.sprachen die Bildserien von Anja Bohnhof, Judith Buss, Florian F\u00e4th, Jonas Fischer, Andreas Fragel, Torsten Andreas Hoffmann, Shimizu Ken, Quintin Lake, Alexander Mai und Mikula Platz, Philipp Meuser, Daniel M\u00fcller Jansen, Filippo Poli, Robert Pufleb, Gregor Sailer, Martin Sigmund, Martin Steinkellner, Rainer Viertlb\u00f6ck und Kai Wiedenh\u00f6fer. Sie erhielten eine Anerkennung.<\/p>\n<p>&#8222;Wir freuen uns besonders, dass wir bereits zum dritten Mal die Ausstellung mit den besten Bildserien nun wieder direkt nach der Erstausstellung im Deutschen Architekturmuseum Frankfurt in den Wissenschaftspark Gelsenkirchen holen konnten&#8220;, sagt bild.sprachen-Projektleiter Peter Liedtke. &#8222;Dabei hat mich in diesem Jahr besonders beeindruckt, wie es die Fotografinnen und Fotografen schaffen, das Thema \u201aGrenzen\u2019 fotografisch-k\u00fcnstlerisch zu interpretieren und auf unerwartete Aspekte der gebauten Umwelt zu \u00fcbertragen&#8220;, so Liedtke.<\/p>\n<p>Ausgelobt wird der Europ\u00e4ische Architekturfotografie-Preis architekturbild seit 1995 alle zwei Jahre, seit 2003 vom architekturbild e.v. Insgesamt wurde er 2017 bereits zum zw\u00f6lften Mal vergeben. Kooperationspartner sind das Deutsche Architekturmuseum (DAM), Frankfurt am Main, und die Bundesstiftung Baukultur, Potsdam. Eine interdisziplin\u00e4r und international besetzte Jury w\u00e4hlt bei jedem Wettbewerb, zu dem die Teilnehmenden jeweils eine Serie mit vier Bildern einreichen, die 28 besten Serien aus. Diese werden dann in einer Wanderausstellung gezeigt und in einem Katalog pr\u00e4sentiert.<\/p>\n<p><strong>Die Ausstellung ist vom 12. Oktober bis zum 18. November 2017 werktags von 6 bis 19 Uhr, samstags von 7.30 bis 17 Uhr, in der Arkade des Wissenschaftsparks Gelsenkirchen, Munscheidstr. 14, zu sehen. Der Eintritt zur Er\u00f6ffnung am 12. Oktober um 18.30 Uhr sowie an allen weiteren Ausstellungstagen ist frei.<\/strong><\/p>\n<p><strong>Zur Vernissage werden Wolfgang Jung, Gesch\u00e4ftsf\u00fchrer Wissenschaftspark Gelsenkirchen GmbH, Christina Gr\u00e4we, Vorsitzende architekturbild e. v.; Kuratorin und Publizistin, kuratorenwerkstatt, und Kai K\u00fchmichel, Architekt und Stadtplaner, Vorsitzender Deutscher Werkbund NW, die G\u00e4ste begr\u00fc\u00dfen. Musikalisch wird die Veranstaltung von Barbara Marreck (Cello-Gesang und Trommel) begleitet.<\/strong><\/p>\n<figure id=\"attachment_3156\" aria-describedby=\"caption-attachment-3156\" style=\"width: 300px\" class=\"wp-caption alignleft\"><a href=\"http:\/\/fh-waltrop.de\/wp-content\/uploads\/2017\/09\/wipage3.png\"><img loading=\"lazy\" decoding=\"async\" data-attachment-id=\"3156\" data-permalink=\"https:\/\/fh-waltrop.de\/index.php\/ausgezeichnete-fotoarbeiten-zeigen-grenzen-auf\/wipage3\/\" data-orig-file=\"https:\/\/fh-waltrop.de\/wp-content\/uploads\/2017\/09\/wipage3.png\" data-orig-size=\"300,200\" data-comments-opened=\"1\" data-image-meta=\"{&quot;aperture&quot;:&quot;0&quot;,&quot;credit&quot;:&quot;&quot;,&quot;camera&quot;:&quot;&quot;,&quot;caption&quot;:&quot;&quot;,&quot;created_timestamp&quot;:&quot;0&quot;,&quot;copyright&quot;:&quot;&quot;,&quot;focal_length&quot;:&quot;0&quot;,&quot;iso&quot;:&quot;0&quot;,&quot;shutter_speed&quot;:&quot;0&quot;,&quot;title&quot;:&quot;&quot;,&quot;orientation&quot;:&quot;0&quot;}\" data-image-title=\"wipage3\" data-image-description=\"\" data-image-caption=\"\" data-large-file=\"https:\/\/fh-waltrop.de\/wp-content\/uploads\/2017\/09\/wipage3.png\" class=\"wp-image-3156 size-medium\" src=\"http:\/\/fh-waltrop.de\/wp-content\/uploads\/2017\/09\/wipage3-300x200.png\" alt=\"\" width=\"300\" height=\"200\" \/><\/a><figcaption id=\"caption-attachment-3156\" class=\"wp-caption-text\">\u00a9 Foto: Daniel Poller \\ architekturbild 2017<\/figcaption><\/figure>\n<figure id=\"attachment_3155\" aria-describedby=\"caption-attachment-3155\" style=\"width: 267px\" class=\"wp-caption alignright\"><a href=\"http:\/\/fh-waltrop.de\/wp-content\/uploads\/2017\/09\/wipage2.png\"><img loading=\"lazy\" decoding=\"async\" data-attachment-id=\"3155\" data-permalink=\"https:\/\/fh-waltrop.de\/index.php\/ausgezeichnete-fotoarbeiten-zeigen-grenzen-auf\/wipage2\/\" data-orig-file=\"https:\/\/fh-waltrop.de\/wp-content\/uploads\/2017\/09\/wipage2.png\" data-orig-size=\"267,200\" data-comments-opened=\"1\" data-image-meta=\"{&quot;aperture&quot;:&quot;0&quot;,&quot;credit&quot;:&quot;&quot;,&quot;camera&quot;:&quot;&quot;,&quot;caption&quot;:&quot;&quot;,&quot;created_timestamp&quot;:&quot;0&quot;,&quot;copyright&quot;:&quot;&quot;,&quot;focal_length&quot;:&quot;0&quot;,&quot;iso&quot;:&quot;0&quot;,&quot;shutter_speed&quot;:&quot;0&quot;,&quot;title&quot;:&quot;&quot;,&quot;orientation&quot;:&quot;0&quot;}\" data-image-title=\"wipage2\" data-image-description=\"\" data-image-caption=\"\" data-large-file=\"https:\/\/fh-waltrop.de\/wp-content\/uploads\/2017\/09\/wipage2.png\" class=\"wp-image-3155 size-full\" src=\"http:\/\/fh-waltrop.de\/wp-content\/uploads\/2017\/09\/wipage2.png\" alt=\"\" width=\"267\" height=\"200\" \/><\/a><figcaption id=\"caption-attachment-3155\" class=\"wp-caption-text\">\u00a9 Foto: Matthias Jung \\ architekturbild 2017<\/figcaption><\/figure>\n<p>&nbsp;<\/p>\n<p>&nbsp;<\/p>\n","protected":false},"excerpt":{"rendered":"<p>Die Gewinnerserien des Europ\u00e4ischen Architekturfotografie-Preises architekturbild 2017 sind vom 12. Oktober bis zum 18. November 2017 im Wissenschaftspark Gelsenkirchen zu sehen. Sch\u00fctzend oder abschreckend, subtil oder plakativ &#8211; so unterschiedlich kann die Funktion von Grenzen wahrgenommen werden. Mit &#8222;Grenzen | Borders&#8220; widmet sich der Europ\u00e4ische Architekturfotografie-Preis architekturbild 2017 in diesem Jahr den vielf\u00e4ltigen Interpretationen dieses [&hellip;]<\/p>\n","protected":false},"author":5,"featured_media":0,"comment_status":"open","ping_status":"open","sticky":false,"template":"","format":"standard","meta":{"_genesis_hide_title":false,"_genesis_hide_breadcrumbs":false,"_genesis_hide_singular_image":false,"_genesis_hide_footer_widgets":false,"_genesis_custom_body_class":"","_genesis_custom_post_class":"","_genesis_layout":"","ngg_post_thumbnail":0,"jetpack_post_was_ever_published":false,"_jetpack_newsletter_access":"","_jetpack_dont_email_post_to_subs":false,"_jetpack_newsletter_tier_id":0,"_jetpack_memberships_contains_paywalled_content":false,"_jetpack_memberships_contains_paid_content":false,"footnotes":"","jetpack_publicize_message":"","jetpack_publicize_feature_enabled":true,"jetpack_social_post_already_shared":true,"jetpack_social_options":{"image_generator_settings":{"template":"highway","default_image_id":0,"font":"","enabled":false},"version":2}},"categories":[3,6],"tags":[],"class_list":{"0":"post-3153","1":"post","2":"type-post","3":"status-publish","4":"format-standard","6":"category-news","7":"category-waltrop-und-umgebung","8":"entry"},"aioseo_notices":[],"jetpack_publicize_connections":[],"jetpack_featured_media_url":"","jetpack_sharing_enabled":true,"jetpack_shortlink":"https:\/\/wp.me\/pdR32e-OR","jetpack-related-posts":[],"_links":{"self":[{"href":"https:\/\/fh-waltrop.de\/index.php\/wp-json\/wp\/v2\/posts\/3153","targetHints":{"allow":["GET"]}}],"collection":[{"href":"https:\/\/fh-waltrop.de\/index.php\/wp-json\/wp\/v2\/posts"}],"about":[{"href":"https:\/\/fh-waltrop.de\/index.php\/wp-json\/wp\/v2\/types\/post"}],"author":[{"embeddable":true,"href":"https:\/\/fh-waltrop.de\/index.php\/wp-json\/wp\/v2\/users\/5"}],"replies":[{"embeddable":true,"href":"https:\/\/fh-waltrop.de\/index.php\/wp-json\/wp\/v2\/comments?post=3153"}],"version-history":[{"count":0,"href":"https:\/\/fh-waltrop.de\/index.php\/wp-json\/wp\/v2\/posts\/3153\/revisions"}],"wp:attachment":[{"href":"https:\/\/fh-waltrop.de\/index.php\/wp-json\/wp\/v2\/media?parent=3153"}],"wp:term":[{"taxonomy":"category","embeddable":true,"href":"https:\/\/fh-waltrop.de\/index.php\/wp-json\/wp\/v2\/categories?post=3153"},{"taxonomy":"post_tag","embeddable":true,"href":"https:\/\/fh-waltrop.de\/index.php\/wp-json\/wp\/v2\/tags?post=3153"}],"curies":[{"name":"wp","href":"https:\/\/api.w.org\/{rel}","templated":true}]}}