{"id":3219,"date":"2017-09-24T22:38:40","date_gmt":"2017-09-24T21:38:40","guid":{"rendered":"http:\/\/fh-waltrop.de\/?p=3219"},"modified":"2017-09-26T23:29:36","modified_gmt":"2017-09-26T22:29:36","slug":"kommentar-wir-sind-die-mehrheit","status":"publish","type":"post","link":"https:\/\/fh-waltrop.de\/index.php\/kommentar-wir-sind-die-mehrheit\/","title":{"rendered":"Kommentar: Wir sind die Mehrheit"},"content":{"rendered":"<p><a href=\"http:\/\/fh-waltrop.de\/wp-content\/uploads\/2017\/09\/Gesamtergebnis.jpeg\"><img loading=\"lazy\" decoding=\"async\" data-attachment-id=\"3220\" data-permalink=\"https:\/\/fh-waltrop.de\/index.php\/kommentar-wir-sind-die-mehrheit\/gesamtergebnis\/\" data-orig-file=\"https:\/\/fh-waltrop.de\/wp-content\/uploads\/2017\/09\/Gesamtergebnis.jpeg\" data-orig-size=\"1200,800\" data-comments-opened=\"1\" data-image-meta=\"{&quot;aperture&quot;:&quot;0&quot;,&quot;credit&quot;:&quot;&quot;,&quot;camera&quot;:&quot;&quot;,&quot;caption&quot;:&quot;&quot;,&quot;created_timestamp&quot;:&quot;0&quot;,&quot;copyright&quot;:&quot;&quot;,&quot;focal_length&quot;:&quot;0&quot;,&quot;iso&quot;:&quot;0&quot;,&quot;shutter_speed&quot;:&quot;0&quot;,&quot;title&quot;:&quot;&quot;,&quot;orientation&quot;:&quot;0&quot;}\" data-image-title=\"Gesamtergebnis\" data-image-description=\"\" data-image-caption=\"\" data-large-file=\"https:\/\/fh-waltrop.de\/wp-content\/uploads\/2017\/09\/Gesamtergebnis-1024x683.jpeg\" class=\"alignnone size-large wp-image-3220\" src=\"http:\/\/fh-waltrop.de\/wp-content\/uploads\/2017\/09\/Gesamtergebnis-1024x683.jpeg\" alt=\"\" width=\"1024\" height=\"683\" srcset=\"https:\/\/fh-waltrop.de\/wp-content\/uploads\/2017\/09\/Gesamtergebnis-1024x683.jpeg 1024w, https:\/\/fh-waltrop.de\/wp-content\/uploads\/2017\/09\/Gesamtergebnis-300x200.jpeg 300w, https:\/\/fh-waltrop.de\/wp-content\/uploads\/2017\/09\/Gesamtergebnis-768x512.jpeg 768w, https:\/\/fh-waltrop.de\/wp-content\/uploads\/2017\/09\/Gesamtergebnis.jpeg 1200w\" sizes=\"auto, (max-width: 1024px) 100vw, 1024px\" \/><\/a><\/p>\n<p>Okay, bundesweit rund 13,0 Prozent f\u00fcr eine Partei, die offen rassistische und nationalistische Thesen vor sich her tr\u00e4gt, sind 13,0 Prozent zuviel. In Waltrop erreicht diese zwischen Rechtspopulismus und Rechtsextremismus schwankende \u201eSchande f\u00fcr Deutschland\u201c (Martin Schulz) 10,55 Prozent und liegt damit etwas \u00fcber dem \u00a0NRW-Schnitt und unterhalb der Ergebnisse in anderen Ruhrgebietsst\u00e4dten. \u00c4rgerlich nat\u00fcrlich auch, der Stimmenzuwachs gegen\u00fcber der NRW-Wahl von rund zwei Prozent f\u00fcr diesen rechten Laden.<\/p>\n<p>Aber: Was ist denn die Ausgangssituation? Es sind nicht vorrangig soziale und\/oder wirtschaftliche Fragen. Nat\u00fcrlich besteht eine allgemeine und auch berechtigte Unsicherheit hinsichtlich der Versorgung im Alter, der Energiewende, der Chancengleichheit bei der Bildung oder bei der gerechten Entlohnung und der sozialen Absicherung, um einige Beispiele zu nennen.<\/p>\n<p>Doch sind dies die Fragen die die W\u00e4hlerInnen zu diesem obskurem Verein getrieben haben, der in unserer Stadt noch nicht einmal einen funktionierenden organisatorischen Zusammenhang hat und auch dann gew\u00e4hlt worden w\u00e4re, wenn die AfD als Kandidaten einen Besenstiel aufgestellt h\u00e4tte? Nein. 75 Prozent der AfD &#8211; W\u00e4hlerInnen bezeichnen ihre pers\u00f6nliche wirtschaftliche Situation als gut. Was uns die Wahlanalysen verraten ist, dass die zentralen Themen Terrorismus, Kriminalit\u00e4t und Einwanderung sind. Und rund 60 Prozent w\u00e4hlen diesen Verein nur, weil sie von den anderen Parteien entt\u00e4uscht sind.<\/p>\n<p>Das soll keine Entschuldigung sein, denn: Wir sind in den letzten Jahren vor Ort mit globalen Entwicklungen konfrontiert worden, wor\u00fcber kulturelle Identit\u00e4t oder beispielsweise das soziale Miteinander, f\u00fcr viele infrage gestellt wurden. In diesem Zusammenhang kamen viele berechtigte Fragen auf. Kann die Integration gelingen? Werden wir \u00fcberfordert? K\u00f6nnen wir uns das leisten? Wie sind die anderen drauf? Ist deren Kultur mit unserer vereinbar? Und so weiter. Und nat\u00fcrlich gibt es auch eine Reihe von Beispielen, die alles insgesamt infrage zu stellen scheinen, wie die K\u00f6lner Silvesternacht.<\/p>\n<p>Solche Fragen wurden instrumentalisiert und in rassistische und fremdenfeindliche Diskurse \u00fcbersetzt. Die Medien, und auch die hier vor Ort, lie\u00dfen ab und an die kritische Distanz vermissen und multiplizierten nicht selten, statt einzuordnen. Im besonderen Ma\u00dfe haben hier auch die so genannten sozialen Medien eine wichtige Rolle. Es ist allgemein bekannt, dass Rechtsradikale vorrangig \u00fcber das Internet mobilisieren. Und es ist deshalb auch kein Zufall, dass ein Administrator einer gro\u00dfen Waltroper Gruppe die Brocken geschmissen hat, weil er sein Forum von Rechtsextremen unterwandert sah.<\/p>\n<p>Was hei\u00dft das? Die AfD ist kein soziales Ph\u00e4nomen. Sie hat f\u00fcr die zentralen Fragen unserer Zukunft keine Antworten und rekrutiert vornehmlich aus den Unsicherheiten, die sich aus den aktuellen Krisensituationen ergeben. Die werden auch zuk\u00fcnftig nicht weniger. Das, was wir an Integrationsarbeit leisten, ist deshalb keine vor\u00fcbergehende sondern eine Jahrhundertaufgabe, weil Konflikte und Krisensituation zunehmen werden. Das, was wir als Fl\u00fcchtlingshilfe ehrenamtlich leisten, muss mehr und mehr strategische Kommunalarbeit werden.<\/p>\n<p>In Waltrop haben 1.906 Menschen mit ihrer Zweitstimme f\u00fcr die AfD votiert. Immer noch 56 f\u00fcr die NPD. Bei einer hohen Wahlbeteiligung von beachtlichen 77,2 Prozent. Die relativen Stimmenanteile in einzelnen Stimmbezirken mit bis zu 15,0 Prozent f\u00fcr die Rechtspopulisten sind hoch, korrespondieren allerdings mit der hohen Briefwahlbeteiligung, wor\u00fcber Verzerrungen auftreten. Auch das soll keine Relativierung sein. Es gibt in Deutschland, wie in anderen europ\u00e4ischen L\u00e4ndern auch, ein Potenzial f\u00fcr rechtsextremes Gedankengut. Aber, hier in Waltrop konnten sie 21.354 wahlberechtigte B\u00fcrgerinnen und B\u00fcrger mit ihrer Hetzte nicht \u00fcberzeugen. Die stimmten f\u00fcr andere, demokratische Parteien oder sahen auch in der AfD keine Alternative. Das ist die Mehrheit. Und zwar eine sehr gro\u00dfe. Bauen wir darauf auf.<\/p>\n","protected":false},"excerpt":{"rendered":"<p>Okay, bundesweit rund 13,0 Prozent f\u00fcr eine Partei, die offen rassistische und nationalistische Thesen vor sich her tr\u00e4gt, sind 13,0 Prozent zuviel. In Waltrop erreicht diese zwischen Rechtspopulismus und Rechtsextremismus schwankende \u201eSchande f\u00fcr Deutschland\u201c (Martin Schulz) 10,55 Prozent und liegt damit etwas \u00fcber dem \u00a0NRW-Schnitt und unterhalb der Ergebnisse in anderen Ruhrgebietsst\u00e4dten. \u00c4rgerlich nat\u00fcrlich auch, [&hellip;]<\/p>\n","protected":false},"author":2,"featured_media":0,"comment_status":"open","ping_status":"open","sticky":false,"template":"","format":"standard","meta":{"_genesis_hide_title":false,"_genesis_hide_breadcrumbs":false,"_genesis_hide_singular_image":false,"_genesis_hide_footer_widgets":false,"_genesis_custom_body_class":"","_genesis_custom_post_class":"","_genesis_layout":"","ngg_post_thumbnail":0,"jetpack_post_was_ever_published":false,"_jetpack_newsletter_access":"","_jetpack_dont_email_post_to_subs":false,"_jetpack_newsletter_tier_id":0,"_jetpack_memberships_contains_paywalled_content":false,"_jetpack_memberships_contains_paid_content":false,"footnotes":"","jetpack_publicize_message":"","jetpack_publicize_feature_enabled":true,"jetpack_social_post_already_shared":true,"jetpack_social_options":{"image_generator_settings":{"template":"highway","default_image_id":0,"font":"","enabled":false},"version":2}},"categories":[7,3,6],"tags":[],"class_list":{"0":"post-3219","1":"post","2":"type-post","3":"status-publish","4":"format-standard","6":"category-aus-aller-welt","7":"category-news","8":"category-waltrop-und-umgebung","9":"entry"},"aioseo_notices":[],"jetpack_publicize_connections":[],"jetpack_featured_media_url":"","jetpack_sharing_enabled":true,"jetpack_shortlink":"https:\/\/wp.me\/pdR32e-PV","jetpack-related-posts":[],"_links":{"self":[{"href":"https:\/\/fh-waltrop.de\/index.php\/wp-json\/wp\/v2\/posts\/3219","targetHints":{"allow":["GET"]}}],"collection":[{"href":"https:\/\/fh-waltrop.de\/index.php\/wp-json\/wp\/v2\/posts"}],"about":[{"href":"https:\/\/fh-waltrop.de\/index.php\/wp-json\/wp\/v2\/types\/post"}],"author":[{"embeddable":true,"href":"https:\/\/fh-waltrop.de\/index.php\/wp-json\/wp\/v2\/users\/2"}],"replies":[{"embeddable":true,"href":"https:\/\/fh-waltrop.de\/index.php\/wp-json\/wp\/v2\/comments?post=3219"}],"version-history":[{"count":0,"href":"https:\/\/fh-waltrop.de\/index.php\/wp-json\/wp\/v2\/posts\/3219\/revisions"}],"wp:attachment":[{"href":"https:\/\/fh-waltrop.de\/index.php\/wp-json\/wp\/v2\/media?parent=3219"}],"wp:term":[{"taxonomy":"category","embeddable":true,"href":"https:\/\/fh-waltrop.de\/index.php\/wp-json\/wp\/v2\/categories?post=3219"},{"taxonomy":"post_tag","embeddable":true,"href":"https:\/\/fh-waltrop.de\/index.php\/wp-json\/wp\/v2\/tags?post=3219"}],"curies":[{"name":"wp","href":"https:\/\/api.w.org\/{rel}","templated":true}]}}