{"id":3448,"date":"2017-11-14T16:47:09","date_gmt":"2017-11-14T15:47:09","guid":{"rendered":"http:\/\/fh-waltrop.de\/?p=3448"},"modified":"2017-11-14T16:47:09","modified_gmt":"2017-11-14T15:47:09","slug":"bekampfung-von-wohnungslosigkeit-muss-auf-die-politische-agenda","status":"publish","type":"post","link":"https:\/\/fh-waltrop.de\/index.php\/bekampfung-von-wohnungslosigkeit-muss-auf-die-politische-agenda\/","title":{"rendered":"Bek\u00e4mpfung von Wohnungslosigkeit muss auf die politische Agenda"},"content":{"rendered":"<p><img loading=\"lazy\" decoding=\"async\" data-attachment-id=\"3381\" data-permalink=\"https:\/\/fh-waltrop.de\/index.php\/kinderarmut-nachhaltig-bekampfen\/caritaslogo\/\" data-orig-file=\"https:\/\/fh-waltrop.de\/wp-content\/uploads\/2017\/10\/CaritasLogo.jpg\" data-orig-size=\"113,150\" data-comments-opened=\"1\" data-image-meta=\"{&quot;aperture&quot;:&quot;0&quot;,&quot;credit&quot;:&quot;&quot;,&quot;camera&quot;:&quot;&quot;,&quot;caption&quot;:&quot;&quot;,&quot;created_timestamp&quot;:&quot;0&quot;,&quot;copyright&quot;:&quot;&quot;,&quot;focal_length&quot;:&quot;0&quot;,&quot;iso&quot;:&quot;0&quot;,&quot;shutter_speed&quot;:&quot;0&quot;,&quot;title&quot;:&quot;&quot;,&quot;orientation&quot;:&quot;1&quot;}\" data-image-title=\"CaritasLogo\" data-image-description=\"\" data-image-caption=\"\" data-large-file=\"https:\/\/fh-waltrop.de\/wp-content\/uploads\/2017\/10\/CaritasLogo.jpg\" class=\"alignleft size-full wp-image-3381\" src=\"http:\/\/fh-waltrop.de\/wp-content\/uploads\/2017\/10\/CaritasLogo.jpg\" alt=\"\" width=\"113\" height=\"150\" \/>Berlin, 14. November 2017. Die heute von der Bundesarbeitsgemeinschaft Wohnungslosenhilfe (BAGW) vorgestellten Berechnungen zur Zahl wohnungsloser bzw. von Obdachlosigkeit betroffenen Menschen belegen einen dringenden Handlungsbedarf. Angesichts der steigenden Zahl wohnungsloser Menschen muss die Bek\u00e4mpfung und Verhinderung von Wohnungslosigkeit ein Schwerpunkt der politischen Arbeit der n\u00e4chsten Jahre werden.<\/p>\n<p>Der Deutsche Caritasverband und die Diakonie Deutschland mit ihren Fachorganisationen f\u00fcr Wohnungslosenhilfe, der Katholischen Bundesarbeitsgemeinschaft Wohnungslosenhilfe (KAG W) und dem Evangelischen Bundesfachverband Existenzsicherung und Teilhabe (EBET) unterst\u00fctzen daher nachdr\u00fccklich die Forderung der BAGW nach Einf\u00fchrung einer bundesweiten Wohnungsnotfallstatistik. Diese ist zwingend notwendig, um verl\u00e4ssliche Zahlen zu erhalten.<\/p>\n<p>Vor allem in St\u00e4dten und Ballungszentren, zunehmend aber auch im l\u00e4ndlichen Raum, fehlt angemessener und bezahlbarer Wohnraum. In besonderer Weise trifft dies Menschen in prek\u00e4ren Lebenslagen, die verst\u00e4rkt vom Verlust ihrer Wohnung bedroht sind.<\/p>\n<p>Gemeinsam fordern Caritas und Diakonie ein koordiniertes Vorgehen der politisch Verantwortlichen auf Bundes-, Landes- und kommunaler Ebene. Notwendig sind pr\u00e4ventive Ma\u00dfnahmen, um fr\u00fchzeitig den Verlust von Wohnraum zu verhindern. Dazu z\u00e4hlen auf kommunaler Ebene der Ausbau von aufsuchenden Hilfen, Mieter- und Schuldnerberatung. Auf L\u00e4nder- und Bundesebene m\u00fcssen alle M\u00f6glichkeiten ausgesch\u00f6pft werden, sozial gemischte Quartiere zu f\u00f6rdern, in denen auch benachteiligte Menschen bezahlbaren Wohnraum finden. Zudem m\u00fcssen die entsprechenden rechtlichen Rahmenbedingungen ausgebaut werden, damit Mieten weiterhin auch f\u00fcr Menschen mit geringem Einkommen und im Bezug von Grundsicherung und ALG II bezahlbar bleiben.<\/p>\n<p>Vordringlich ist es, dass die angemessene Erstattung der Kosten der Unterkunft und Heizung f\u00fcr Menschen in prek\u00e4ren Einkommensverh\u00e4ltnissen verl\u00e4sslich gew\u00e4hrleistet wird. Das Bundesverfassungsgericht hat den Vorlagebeschluss des Sozialgerichts Mainz zu den Kosten der Unterkunft und Heizung mit der heutigen Entscheidung zur\u00fcckgewiesen. Dies ist Anlass f\u00fcr die Verb\u00e4nde, ihre politischen Anstrengungen f\u00fcr eine sachgerechte Ermittlung der Angemessenheitsgrenzen f\u00fcr Kosten der Unterkunft und Heizung zu intensivieren. Dabei ist es von entscheidender Bedeutung, dass die Verf\u00fcgbarkeit von Wohnraum sowie die in der Person liegenden Besonderheiten in jedem Einzelfall ber\u00fccksichtigt werden.<\/p>\n","protected":false},"excerpt":{"rendered":"<p>Berlin, 14. November 2017. Die heute von der Bundesarbeitsgemeinschaft Wohnungslosenhilfe (BAGW) vorgestellten Berechnungen zur Zahl wohnungsloser bzw. von Obdachlosigkeit betroffenen Menschen belegen einen dringenden Handlungsbedarf. Angesichts der steigenden Zahl wohnungsloser Menschen muss die Bek\u00e4mpfung und Verhinderung von Wohnungslosigkeit ein Schwerpunkt der politischen Arbeit der n\u00e4chsten Jahre werden. Der Deutsche Caritasverband und die Diakonie Deutschland mit [&hellip;]<\/p>\n","protected":false},"author":4,"featured_media":0,"comment_status":"open","ping_status":"open","sticky":false,"template":"","format":"standard","meta":{"_genesis_hide_title":false,"_genesis_hide_breadcrumbs":false,"_genesis_hide_singular_image":false,"_genesis_hide_footer_widgets":false,"_genesis_custom_body_class":"","_genesis_custom_post_class":"","_genesis_layout":"","ngg_post_thumbnail":0,"jetpack_post_was_ever_published":false,"_jetpack_newsletter_access":"","_jetpack_dont_email_post_to_subs":false,"_jetpack_newsletter_tier_id":0,"_jetpack_memberships_contains_paywalled_content":false,"_jetpack_memberships_contains_paid_content":false,"footnotes":"","jetpack_publicize_message":"","jetpack_publicize_feature_enabled":true,"jetpack_social_post_already_shared":true,"jetpack_social_options":{"image_generator_settings":{"template":"highway","default_image_id":0,"font":"","enabled":false},"version":2}},"categories":[7,3],"tags":[],"class_list":{"0":"post-3448","1":"post","2":"type-post","3":"status-publish","4":"format-standard","6":"category-aus-aller-welt","7":"category-news","8":"entry"},"aioseo_notices":[],"jetpack_publicize_connections":[],"jetpack_featured_media_url":"","jetpack_sharing_enabled":true,"jetpack_shortlink":"https:\/\/wp.me\/pdR32e-TC","jetpack-related-posts":[],"_links":{"self":[{"href":"https:\/\/fh-waltrop.de\/index.php\/wp-json\/wp\/v2\/posts\/3448","targetHints":{"allow":["GET"]}}],"collection":[{"href":"https:\/\/fh-waltrop.de\/index.php\/wp-json\/wp\/v2\/posts"}],"about":[{"href":"https:\/\/fh-waltrop.de\/index.php\/wp-json\/wp\/v2\/types\/post"}],"author":[{"embeddable":true,"href":"https:\/\/fh-waltrop.de\/index.php\/wp-json\/wp\/v2\/users\/4"}],"replies":[{"embeddable":true,"href":"https:\/\/fh-waltrop.de\/index.php\/wp-json\/wp\/v2\/comments?post=3448"}],"version-history":[{"count":0,"href":"https:\/\/fh-waltrop.de\/index.php\/wp-json\/wp\/v2\/posts\/3448\/revisions"}],"wp:attachment":[{"href":"https:\/\/fh-waltrop.de\/index.php\/wp-json\/wp\/v2\/media?parent=3448"}],"wp:term":[{"taxonomy":"category","embeddable":true,"href":"https:\/\/fh-waltrop.de\/index.php\/wp-json\/wp\/v2\/categories?post=3448"},{"taxonomy":"post_tag","embeddable":true,"href":"https:\/\/fh-waltrop.de\/index.php\/wp-json\/wp\/v2\/tags?post=3448"}],"curies":[{"name":"wp","href":"https:\/\/api.w.org\/{rel}","templated":true}]}}