{"id":3704,"date":"2018-05-28T11:38:10","date_gmt":"2018-05-28T10:38:10","guid":{"rendered":"http:\/\/fh-waltrop.de\/?p=3704"},"modified":"2018-05-28T11:38:10","modified_gmt":"2018-05-28T10:38:10","slug":"netzwerktreffen-interkultur-ruhr-digitale-medien-als-schlussel-fur-mehr-teilhabe-junger-migranten","status":"publish","type":"post","link":"https:\/\/fh-waltrop.de\/index.php\/netzwerktreffen-interkultur-ruhr-digitale-medien-als-schlussel-fur-mehr-teilhabe-junger-migranten\/","title":{"rendered":"Netzwerktreffen Interkultur Ruhr: Digitale Medien als Schl\u00fcssel f\u00fcr mehr Teilhabe junger Migranten"},"content":{"rendered":"<p><img loading=\"lazy\" decoding=\"async\" data-attachment-id=\"2060\" data-permalink=\"https:\/\/fh-waltrop.de\/index.php\/schule-fur-alle-das-recht-auf-bildung-kennt-keine-ausnahme\/muetterzentrum-sprache-2\/\" data-orig-file=\"https:\/\/fh-waltrop.de\/wp-content\/uploads\/2016\/10\/Muetterzentrum-Sprache.jpg\" data-orig-size=\"343,560\" data-comments-opened=\"1\" data-image-meta=\"{&quot;aperture&quot;:&quot;0&quot;,&quot;credit&quot;:&quot;&quot;,&quot;camera&quot;:&quot;&quot;,&quot;caption&quot;:&quot;&quot;,&quot;created_timestamp&quot;:&quot;0&quot;,&quot;copyright&quot;:&quot;&quot;,&quot;focal_length&quot;:&quot;0&quot;,&quot;iso&quot;:&quot;0&quot;,&quot;shutter_speed&quot;:&quot;0&quot;,&quot;title&quot;:&quot;&quot;,&quot;orientation&quot;:&quot;0&quot;}\" data-image-title=\"muetterzentrum-sprache\" data-image-description=\"\" data-image-caption=\"\" data-large-file=\"https:\/\/fh-waltrop.de\/wp-content\/uploads\/2016\/10\/Muetterzentrum-Sprache.jpg\" class=\"alignleft size-full wp-image-2060\" src=\"http:\/\/fh-waltrop.de\/wp-content\/uploads\/2016\/10\/Muetterzentrum-Sprache.jpg\" alt=\"\" width=\"343\" height=\"560\" srcset=\"https:\/\/fh-waltrop.de\/wp-content\/uploads\/2016\/10\/Muetterzentrum-Sprache.jpg 343w, https:\/\/fh-waltrop.de\/wp-content\/uploads\/2016\/10\/Muetterzentrum-Sprache-184x300.jpg 184w\" sizes=\"auto, (max-width: 343px) 100vw, 343px\" \/>Witten (idr). &#8222;Digitale Kultur und Diversit\u00e4t&#8220; stehen im Mittelpunkt des 6. Netzwerktreffens von Interkultur Ruhr. Am Freitag,15. Juni, tauschen sich Akteure der interkulturellen Arbeit und Interessierte ab 14 Uhr im sozialkulturellen Treff &#8222;[&#8230;] raum&#8220; in Witten aus und diskutieren aktuelle Themen. Im Fokus steht die Frage, ob der kreative Umgang mit digitalen Medien ein Schl\u00fcssel f\u00fcr die gesellschaftliche Teilhabe junger Migranten sein kann. Auf dem Programm stehen u.a. mehrere Workshops.<\/p>\n<p>Die Veranstaltung klingt ab 20 Uhr mit einem Konzert der Musikerinnen Preach und Natascha P. sowie mit DJ Yung_womb vom Hamburger Kollektiv One Mother aus.<\/p>\n<p>Die Teilnahme ist kostenfrei. Eine Anmeldung bis zum 5. Juni ist notwendig.<br \/>\nInterkultur Ruhr ist ein Projekt des Regionalverbands Ruhr (RVR) und des NRW-Kulturministeriums im Rahmen der Nachhaltigkeitsvereinbarung zur Europ\u00e4ischen Kulturhauptstadt Ruhr.2010.<\/p>\n<p>Ausf\u00fchrliche Infos und Anmeldung: <a href=\"http:\/\/www.interkultur.ruhr\/\">www.interkultur.ruhr<\/a><\/p>\n","protected":false},"excerpt":{"rendered":"<p>Witten (idr). &#8222;Digitale Kultur und Diversit\u00e4t&#8220; stehen im Mittelpunkt des 6. Netzwerktreffens von Interkultur Ruhr. Am Freitag,15. Juni, tauschen sich Akteure der interkulturellen Arbeit und Interessierte ab 14 Uhr im sozialkulturellen Treff &#8222;[&#8230;] raum&#8220; in Witten aus und diskutieren aktuelle Themen. Im Fokus steht die Frage, ob der kreative Umgang mit digitalen Medien ein Schl\u00fcssel [&hellip;]<\/p>\n","protected":false},"author":4,"featured_media":0,"comment_status":"open","ping_status":"open","sticky":false,"template":"","format":"standard","meta":{"_genesis_hide_title":false,"_genesis_hide_breadcrumbs":false,"_genesis_hide_singular_image":false,"_genesis_hide_footer_widgets":false,"_genesis_custom_body_class":"","_genesis_custom_post_class":"","_genesis_layout":"","ngg_post_thumbnail":0,"_jetpack_newsletter_access":"","_jetpack_dont_email_post_to_subs":false,"_jetpack_newsletter_tier_id":0,"_jetpack_memberships_contains_paywalled_content":false,"_jetpack_feature_clip_id":0,"_jetpack_memberships_contains_paid_content":false,"footnotes":"","jetpack_publicize_message":"","jetpack_publicize_feature_enabled":true,"jetpack_social_post_already_shared":true,"jetpack_social_options":{"image_generator_settings":{"template":"highway","default_image_id":0,"font":"","enabled":false},"version":2},"jetpack_post_was_ever_published":false},"categories":[8,3,6],"tags":[],"class_list":["post-3704","post","type-post","status-publish","format-standard","category-helfen","category-news","category-waltrop-und-umgebung","entry"],"aioseo_notices":[],"aioseo_head":"\n\t\t<!-- All in One SEO 4.9.10 - aioseo.com -->\n\t<meta name=\"description\" content=\"Witten (idr). &quot;Digitale Kultur und Diversit\u00e4t&quot; stehen im Mittelpunkt des 6. Netzwerktreffens von Interkultur Ruhr. Am Freitag,15. Juni, tauschen sich Akteure der interkulturellen Arbeit und Interessierte ab 14 Uhr im sozialkulturellen Treff &quot;[...] raum&quot; in Witten aus und diskutieren aktuelle Themen. Im Fokus steht die Frage, ob der kreative Umgang mit digitalen Medien ein Schl\u00fcssel\" \/>\n\t<meta name=\"robots\" content=\"max-image-preview:large\" \/>\n\t<meta name=\"author\" content=\"Redaktion\"\/>\n\t<link rel=\"canonical\" href=\"https:\/\/fh-waltrop.de\/index.php\/netzwerktreffen-interkultur-ruhr-digitale-medien-als-schlussel-fur-mehr-teilhabe-junger-migranten\/\" \/>\n\t<meta name=\"generator\" content=\"All in One SEO (AIOSEO) 4.9.10\" \/>\n\t\t<meta property=\"og:locale\" content=\"de_DE\" \/>\n\t\t<meta property=\"og:site_name\" content=\"Fl\u00fcchtlingshilfe Waltrop | Menschen, willkommen in Waltrop!\" \/>\n\t\t<meta property=\"og:type\" content=\"article\" \/>\n\t\t<meta property=\"og:title\" content=\"Netzwerktreffen Interkultur Ruhr: Digitale Medien als Schl\u00fcssel f\u00fcr mehr Teilhabe junger Migranten | Fl\u00fcchtlingshilfe Waltrop\" \/>\n\t\t<meta property=\"og:description\" content=\"Witten (idr). &quot;Digitale Kultur und Diversit\u00e4t&quot; stehen im Mittelpunkt des 6. Netzwerktreffens von Interkultur Ruhr. Am Freitag,15. Juni, tauschen sich Akteure der interkulturellen Arbeit und Interessierte ab 14 Uhr im sozialkulturellen Treff &quot;[...] raum&quot; in Witten aus und diskutieren aktuelle Themen. Im Fokus steht die Frage, ob der kreative Umgang mit digitalen Medien ein Schl\u00fcssel\" \/>\n\t\t<meta property=\"og:url\" content=\"https:\/\/fh-waltrop.de\/index.php\/netzwerktreffen-interkultur-ruhr-digitale-medien-als-schlussel-fur-mehr-teilhabe-junger-migranten\/\" \/>\n\t\t<meta property=\"article:published_time\" content=\"2018-05-28T10:38:10+00:00\" \/>\n\t\t<meta property=\"article:modified_time\" content=\"2018-05-28T10:38:10+00:00\" \/>\n\t\t<meta name=\"twitter:card\" content=\"summary\" \/>\n\t\t<meta name=\"twitter:title\" content=\"Netzwerktreffen Interkultur Ruhr: Digitale Medien als Schl\u00fcssel f\u00fcr mehr Teilhabe junger Migranten | Fl\u00fcchtlingshilfe Waltrop\" \/>\n\t\t<meta name=\"twitter:description\" content=\"Witten (idr). &quot;Digitale Kultur und Diversit\u00e4t&quot; stehen im Mittelpunkt des 6. Netzwerktreffens von Interkultur Ruhr. Am Freitag,15. Juni, tauschen sich Akteure der interkulturellen Arbeit und Interessierte ab 14 Uhr im sozialkulturellen Treff &quot;[...] raum&quot; in Witten aus und diskutieren aktuelle Themen. Im Fokus steht die Frage, ob der kreative Umgang mit digitalen Medien ein Schl\u00fcssel\" \/>\n\t\t<script type=\"application\/ld+json\" class=\"aioseo-schema\">\n\t\t\t{\"@context\":\"https:\\\/\\\/schema.org\",\"@graph\":[{\"@type\":\"Article\",\"@id\":\"https:\\\/\\\/fh-waltrop.de\\\/index.php\\\/netzwerktreffen-interkultur-ruhr-digitale-medien-als-schlussel-fur-mehr-teilhabe-junger-migranten\\\/#article\",\"name\":\"Netzwerktreffen Interkultur Ruhr: Digitale Medien als Schl\\u00fcssel f\\u00fcr mehr Teilhabe junger Migranten | Fl\\u00fcchtlingshilfe Waltrop\",\"headline\":\"Netzwerktreffen Interkultur Ruhr: Digitale Medien als Schl\\u00fcssel f\\u00fcr mehr Teilhabe junger Migranten\",\"author\":{\"@id\":\"https:\\\/\\\/fh-waltrop.de\\\/index.php\\\/author\\\/redaktion\\\/#author\"},\"publisher\":{\"@id\":\"https:\\\/\\\/fh-waltrop.de\\\/#organization\"},\"image\":{\"@type\":\"ImageObject\",\"url\":\"https:\\\/\\\/fh-waltrop.de\\\/wp-content\\\/uploads\\\/2016\\\/10\\\/Muetterzentrum-Sprache.jpg\",\"@id\":\"https:\\\/\\\/fh-waltrop.de\\\/index.php\\\/netzwerktreffen-interkultur-ruhr-digitale-medien-als-schlussel-fur-mehr-teilhabe-junger-migranten\\\/#articleImage\",\"width\":343,\"height\":560},\"datePublished\":\"2018-05-28T11:38:10+01:00\",\"dateModified\":\"2018-05-28T11:38:10+01:00\",\"inLanguage\":\"de-DE\",\"mainEntityOfPage\":{\"@id\":\"https:\\\/\\\/fh-waltrop.de\\\/index.php\\\/netzwerktreffen-interkultur-ruhr-digitale-medien-als-schlussel-fur-mehr-teilhabe-junger-migranten\\\/#webpage\"},\"isPartOf\":{\"@id\":\"https:\\\/\\\/fh-waltrop.de\\\/index.php\\\/netzwerktreffen-interkultur-ruhr-digitale-medien-als-schlussel-fur-mehr-teilhabe-junger-migranten\\\/#webpage\"},\"articleSection\":\"Helfen, News, Waltrop und Umgebung\"},{\"@type\":\"BreadcrumbList\",\"@id\":\"https:\\\/\\\/fh-waltrop.de\\\/index.php\\\/netzwerktreffen-interkultur-ruhr-digitale-medien-als-schlussel-fur-mehr-teilhabe-junger-migranten\\\/#breadcrumblist\",\"itemListElement\":[{\"@type\":\"ListItem\",\"@id\":\"https:\\\/\\\/fh-waltrop.de#listItem\",\"position\":1,\"name\":\"Home\",\"item\":\"https:\\\/\\\/fh-waltrop.de\",\"nextItem\":{\"@type\":\"ListItem\",\"@id\":\"https:\\\/\\\/fh-waltrop.de\\\/index.php\\\/category\\\/news\\\/#listItem\",\"name\":\"News\"}},{\"@type\":\"ListItem\",\"@id\":\"https:\\\/\\\/fh-waltrop.de\\\/index.php\\\/category\\\/news\\\/#listItem\",\"position\":2,\"name\":\"News\",\"item\":\"https:\\\/\\\/fh-waltrop.de\\\/index.php\\\/category\\\/news\\\/\",\"nextItem\":{\"@type\":\"ListItem\",\"@id\":\"https:\\\/\\\/fh-waltrop.de\\\/index.php\\\/category\\\/news\\\/waltrop-und-umgebung\\\/#listItem\",\"name\":\"Waltrop und Umgebung\"},\"previousItem\":{\"@type\":\"ListItem\",\"@id\":\"https:\\\/\\\/fh-waltrop.de#listItem\",\"name\":\"Home\"}},{\"@type\":\"ListItem\",\"@id\":\"https:\\\/\\\/fh-waltrop.de\\\/index.php\\\/category\\\/news\\\/waltrop-und-umgebung\\\/#listItem\",\"position\":3,\"name\":\"Waltrop und Umgebung\",\"item\":\"https:\\\/\\\/fh-waltrop.de\\\/index.php\\\/category\\\/news\\\/waltrop-und-umgebung\\\/\",\"nextItem\":{\"@type\":\"ListItem\",\"@id\":\"https:\\\/\\\/fh-waltrop.de\\\/index.php\\\/netzwerktreffen-interkultur-ruhr-digitale-medien-als-schlussel-fur-mehr-teilhabe-junger-migranten\\\/#listItem\",\"name\":\"Netzwerktreffen Interkultur Ruhr: Digitale Medien als Schl\\u00fcssel f\\u00fcr mehr Teilhabe junger Migranten\"},\"previousItem\":{\"@type\":\"ListItem\",\"@id\":\"https:\\\/\\\/fh-waltrop.de\\\/index.php\\\/category\\\/news\\\/#listItem\",\"name\":\"News\"}},{\"@type\":\"ListItem\",\"@id\":\"https:\\\/\\\/fh-waltrop.de\\\/index.php\\\/netzwerktreffen-interkultur-ruhr-digitale-medien-als-schlussel-fur-mehr-teilhabe-junger-migranten\\\/#listItem\",\"position\":4,\"name\":\"Netzwerktreffen Interkultur Ruhr: Digitale Medien als Schl\\u00fcssel f\\u00fcr mehr Teilhabe junger Migranten\",\"previousItem\":{\"@type\":\"ListItem\",\"@id\":\"https:\\\/\\\/fh-waltrop.de\\\/index.php\\\/category\\\/news\\\/waltrop-und-umgebung\\\/#listItem\",\"name\":\"Waltrop und Umgebung\"}}]},{\"@type\":\"Organization\",\"@id\":\"https:\\\/\\\/fh-waltrop.de\\\/#organization\",\"name\":\"Fl\\u00fcchtlingshilfe Waltrop\",\"description\":\"Menschen, willkommen in Waltrop!\",\"url\":\"https:\\\/\\\/fh-waltrop.de\\\/\"},{\"@type\":\"Person\",\"@id\":\"https:\\\/\\\/fh-waltrop.de\\\/index.php\\\/author\\\/redaktion\\\/#author\",\"url\":\"https:\\\/\\\/fh-waltrop.de\\\/index.php\\\/author\\\/redaktion\\\/\",\"name\":\"Redaktion\",\"image\":{\"@type\":\"ImageObject\",\"@id\":\"https:\\\/\\\/fh-waltrop.de\\\/index.php\\\/netzwerktreffen-interkultur-ruhr-digitale-medien-als-schlussel-fur-mehr-teilhabe-junger-migranten\\\/#authorImage\",\"url\":\"https:\\\/\\\/secure.gravatar.com\\\/avatar\\\/3cd9a5bd8707530a9ce08b14c3fadb86b780881f1610144382c25e3ac6e944d1?s=96&d=mm&r=g\",\"width\":96,\"height\":96,\"caption\":\"Redaktion\"}},{\"@type\":\"WebPage\",\"@id\":\"https:\\\/\\\/fh-waltrop.de\\\/index.php\\\/netzwerktreffen-interkultur-ruhr-digitale-medien-als-schlussel-fur-mehr-teilhabe-junger-migranten\\\/#webpage\",\"url\":\"https:\\\/\\\/fh-waltrop.de\\\/index.php\\\/netzwerktreffen-interkultur-ruhr-digitale-medien-als-schlussel-fur-mehr-teilhabe-junger-migranten\\\/\",\"name\":\"Netzwerktreffen Interkultur Ruhr: Digitale Medien als Schl\\u00fcssel f\\u00fcr mehr Teilhabe junger Migranten | Fl\\u00fcchtlingshilfe Waltrop\",\"description\":\"Witten (idr). \\\"Digitale Kultur und Diversit\\u00e4t\\\" stehen im Mittelpunkt des 6. Netzwerktreffens von Interkultur Ruhr. Am Freitag,15. Juni, tauschen sich Akteure der interkulturellen Arbeit und Interessierte ab 14 Uhr im sozialkulturellen Treff \\\"[...] raum\\\" in Witten aus und diskutieren aktuelle Themen. Im Fokus steht die Frage, ob der kreative Umgang mit digitalen Medien ein Schl\\u00fcssel\",\"inLanguage\":\"de-DE\",\"isPartOf\":{\"@id\":\"https:\\\/\\\/fh-waltrop.de\\\/#website\"},\"breadcrumb\":{\"@id\":\"https:\\\/\\\/fh-waltrop.de\\\/index.php\\\/netzwerktreffen-interkultur-ruhr-digitale-medien-als-schlussel-fur-mehr-teilhabe-junger-migranten\\\/#breadcrumblist\"},\"author\":{\"@id\":\"https:\\\/\\\/fh-waltrop.de\\\/index.php\\\/author\\\/redaktion\\\/#author\"},\"creator\":{\"@id\":\"https:\\\/\\\/fh-waltrop.de\\\/index.php\\\/author\\\/redaktion\\\/#author\"},\"datePublished\":\"2018-05-28T11:38:10+01:00\",\"dateModified\":\"2018-05-28T11:38:10+01:00\"},{\"@type\":\"WebSite\",\"@id\":\"https:\\\/\\\/fh-waltrop.de\\\/#website\",\"url\":\"https:\\\/\\\/fh-waltrop.de\\\/\",\"name\":\"Fl\\u00fcchtlingshilfe Waltrop\",\"description\":\"Menschen, willkommen in Waltrop!\",\"inLanguage\":\"de-DE\",\"publisher\":{\"@id\":\"https:\\\/\\\/fh-waltrop.de\\\/#organization\"}}]}\n\t\t<\/script>\n\t\t<!-- All in One SEO -->\n\n","aioseo_head_json":{"title":"Netzwerktreffen Interkultur Ruhr: Digitale Medien als Schl\u00fcssel f\u00fcr mehr Teilhabe junger Migranten | Fl\u00fcchtlingshilfe Waltrop","description":"Witten (idr). \"Digitale Kultur und Diversit\u00e4t\" stehen im Mittelpunkt des 6. Netzwerktreffens von Interkultur Ruhr. Am Freitag,15. Juni, tauschen sich Akteure der interkulturellen Arbeit und Interessierte ab 14 Uhr im sozialkulturellen Treff \"[...] raum\" in Witten aus und diskutieren aktuelle Themen. Im Fokus steht die Frage, ob der kreative Umgang mit digitalen Medien ein Schl\u00fcssel","canonical_url":"https:\/\/fh-waltrop.de\/index.php\/netzwerktreffen-interkultur-ruhr-digitale-medien-als-schlussel-fur-mehr-teilhabe-junger-migranten\/","robots":"max-image-preview:large","keywords":"","webmasterTools":{"miscellaneous":""},"schema":{"@context":"https:\/\/schema.org","@graph":[{"@type":"Article","@id":"https:\/\/fh-waltrop.de\/index.php\/netzwerktreffen-interkultur-ruhr-digitale-medien-als-schlussel-fur-mehr-teilhabe-junger-migranten\/#article","name":"Netzwerktreffen Interkultur Ruhr: Digitale Medien als Schl\u00fcssel f\u00fcr mehr Teilhabe junger Migranten | Fl\u00fcchtlingshilfe Waltrop","headline":"Netzwerktreffen Interkultur Ruhr: Digitale Medien als Schl\u00fcssel f\u00fcr mehr Teilhabe junger Migranten","author":{"@id":"https:\/\/fh-waltrop.de\/index.php\/author\/redaktion\/#author"},"publisher":{"@id":"https:\/\/fh-waltrop.de\/#organization"},"image":{"@type":"ImageObject","url":"https:\/\/fh-waltrop.de\/wp-content\/uploads\/2016\/10\/Muetterzentrum-Sprache.jpg","@id":"https:\/\/fh-waltrop.de\/index.php\/netzwerktreffen-interkultur-ruhr-digitale-medien-als-schlussel-fur-mehr-teilhabe-junger-migranten\/#articleImage","width":343,"height":560},"datePublished":"2018-05-28T11:38:10+01:00","dateModified":"2018-05-28T11:38:10+01:00","inLanguage":"de-DE","mainEntityOfPage":{"@id":"https:\/\/fh-waltrop.de\/index.php\/netzwerktreffen-interkultur-ruhr-digitale-medien-als-schlussel-fur-mehr-teilhabe-junger-migranten\/#webpage"},"isPartOf":{"@id":"https:\/\/fh-waltrop.de\/index.php\/netzwerktreffen-interkultur-ruhr-digitale-medien-als-schlussel-fur-mehr-teilhabe-junger-migranten\/#webpage"},"articleSection":"Helfen, News, Waltrop und Umgebung"},{"@type":"BreadcrumbList","@id":"https:\/\/fh-waltrop.de\/index.php\/netzwerktreffen-interkultur-ruhr-digitale-medien-als-schlussel-fur-mehr-teilhabe-junger-migranten\/#breadcrumblist","itemListElement":[{"@type":"ListItem","@id":"https:\/\/fh-waltrop.de#listItem","position":1,"name":"Home","item":"https:\/\/fh-waltrop.de","nextItem":{"@type":"ListItem","@id":"https:\/\/fh-waltrop.de\/index.php\/category\/news\/#listItem","name":"News"}},{"@type":"ListItem","@id":"https:\/\/fh-waltrop.de\/index.php\/category\/news\/#listItem","position":2,"name":"News","item":"https:\/\/fh-waltrop.de\/index.php\/category\/news\/","nextItem":{"@type":"ListItem","@id":"https:\/\/fh-waltrop.de\/index.php\/category\/news\/waltrop-und-umgebung\/#listItem","name":"Waltrop und Umgebung"},"previousItem":{"@type":"ListItem","@id":"https:\/\/fh-waltrop.de#listItem","name":"Home"}},{"@type":"ListItem","@id":"https:\/\/fh-waltrop.de\/index.php\/category\/news\/waltrop-und-umgebung\/#listItem","position":3,"name":"Waltrop und Umgebung","item":"https:\/\/fh-waltrop.de\/index.php\/category\/news\/waltrop-und-umgebung\/","nextItem":{"@type":"ListItem","@id":"https:\/\/fh-waltrop.de\/index.php\/netzwerktreffen-interkultur-ruhr-digitale-medien-als-schlussel-fur-mehr-teilhabe-junger-migranten\/#listItem","name":"Netzwerktreffen Interkultur Ruhr: Digitale Medien als Schl\u00fcssel f\u00fcr mehr Teilhabe junger Migranten"},"previousItem":{"@type":"ListItem","@id":"https:\/\/fh-waltrop.de\/index.php\/category\/news\/#listItem","name":"News"}},{"@type":"ListItem","@id":"https:\/\/fh-waltrop.de\/index.php\/netzwerktreffen-interkultur-ruhr-digitale-medien-als-schlussel-fur-mehr-teilhabe-junger-migranten\/#listItem","position":4,"name":"Netzwerktreffen Interkultur Ruhr: Digitale Medien als Schl\u00fcssel f\u00fcr mehr Teilhabe junger Migranten","previousItem":{"@type":"ListItem","@id":"https:\/\/fh-waltrop.de\/index.php\/category\/news\/waltrop-und-umgebung\/#listItem","name":"Waltrop und Umgebung"}}]},{"@type":"Organization","@id":"https:\/\/fh-waltrop.de\/#organization","name":"Fl\u00fcchtlingshilfe Waltrop","description":"Menschen, willkommen in Waltrop!","url":"https:\/\/fh-waltrop.de\/"},{"@type":"Person","@id":"https:\/\/fh-waltrop.de\/index.php\/author\/redaktion\/#author","url":"https:\/\/fh-waltrop.de\/index.php\/author\/redaktion\/","name":"Redaktion","image":{"@type":"ImageObject","@id":"https:\/\/fh-waltrop.de\/index.php\/netzwerktreffen-interkultur-ruhr-digitale-medien-als-schlussel-fur-mehr-teilhabe-junger-migranten\/#authorImage","url":"https:\/\/secure.gravatar.com\/avatar\/3cd9a5bd8707530a9ce08b14c3fadb86b780881f1610144382c25e3ac6e944d1?s=96&d=mm&r=g","width":96,"height":96,"caption":"Redaktion"}},{"@type":"WebPage","@id":"https:\/\/fh-waltrop.de\/index.php\/netzwerktreffen-interkultur-ruhr-digitale-medien-als-schlussel-fur-mehr-teilhabe-junger-migranten\/#webpage","url":"https:\/\/fh-waltrop.de\/index.php\/netzwerktreffen-interkultur-ruhr-digitale-medien-als-schlussel-fur-mehr-teilhabe-junger-migranten\/","name":"Netzwerktreffen Interkultur Ruhr: Digitale Medien als Schl\u00fcssel f\u00fcr mehr Teilhabe junger Migranten | Fl\u00fcchtlingshilfe Waltrop","description":"Witten (idr). \"Digitale Kultur und Diversit\u00e4t\" stehen im Mittelpunkt des 6. Netzwerktreffens von Interkultur Ruhr. Am Freitag,15. Juni, tauschen sich Akteure der interkulturellen Arbeit und Interessierte ab 14 Uhr im sozialkulturellen Treff \"[...] raum\" in Witten aus und diskutieren aktuelle Themen. Im Fokus steht die Frage, ob der kreative Umgang mit digitalen Medien ein Schl\u00fcssel","inLanguage":"de-DE","isPartOf":{"@id":"https:\/\/fh-waltrop.de\/#website"},"breadcrumb":{"@id":"https:\/\/fh-waltrop.de\/index.php\/netzwerktreffen-interkultur-ruhr-digitale-medien-als-schlussel-fur-mehr-teilhabe-junger-migranten\/#breadcrumblist"},"author":{"@id":"https:\/\/fh-waltrop.de\/index.php\/author\/redaktion\/#author"},"creator":{"@id":"https:\/\/fh-waltrop.de\/index.php\/author\/redaktion\/#author"},"datePublished":"2018-05-28T11:38:10+01:00","dateModified":"2018-05-28T11:38:10+01:00"},{"@type":"WebSite","@id":"https:\/\/fh-waltrop.de\/#website","url":"https:\/\/fh-waltrop.de\/","name":"Fl\u00fcchtlingshilfe Waltrop","description":"Menschen, willkommen in Waltrop!","inLanguage":"de-DE","publisher":{"@id":"https:\/\/fh-waltrop.de\/#organization"}}]},"og:locale":"de_DE","og:site_name":"Fl\u00fcchtlingshilfe Waltrop | Menschen, willkommen in Waltrop!","og:type":"article","og:title":"Netzwerktreffen Interkultur Ruhr: Digitale Medien als Schl\u00fcssel f\u00fcr mehr Teilhabe junger Migranten | Fl\u00fcchtlingshilfe Waltrop","og:description":"Witten (idr). &quot;Digitale Kultur und Diversit\u00e4t&quot; stehen im Mittelpunkt des 6. Netzwerktreffens von Interkultur Ruhr. Am Freitag,15. Juni, tauschen sich Akteure der interkulturellen Arbeit und Interessierte ab 14 Uhr im sozialkulturellen Treff &quot;[...] raum&quot; in Witten aus und diskutieren aktuelle Themen. Im Fokus steht die Frage, ob der kreative Umgang mit digitalen Medien ein Schl\u00fcssel","og:url":"https:\/\/fh-waltrop.de\/index.php\/netzwerktreffen-interkultur-ruhr-digitale-medien-als-schlussel-fur-mehr-teilhabe-junger-migranten\/","article:published_time":"2018-05-28T10:38:10+00:00","article:modified_time":"2018-05-28T10:38:10+00:00","twitter:card":"summary","twitter:title":"Netzwerktreffen Interkultur Ruhr: Digitale Medien als Schl\u00fcssel f\u00fcr mehr Teilhabe junger Migranten | Fl\u00fcchtlingshilfe Waltrop","twitter:description":"Witten (idr). &quot;Digitale Kultur und Diversit\u00e4t&quot; stehen im Mittelpunkt des 6. Netzwerktreffens von Interkultur Ruhr. Am Freitag,15. Juni, tauschen sich Akteure der interkulturellen Arbeit und Interessierte ab 14 Uhr im sozialkulturellen Treff &quot;[...] raum&quot; in Witten aus und diskutieren aktuelle Themen. Im Fokus steht die Frage, ob der kreative Umgang mit digitalen Medien ein Schl\u00fcssel"},"aioseo_meta_data":{"post_id":"3704","title":null,"description":null,"keywords":null,"keyphrases":null,"primary_term":null,"canonical_url":null,"og_title":null,"og_description":null,"og_object_type":"default","og_image_type":"default","og_image_url":null,"og_image_width":null,"og_image_height":null,"og_image_custom_url":null,"og_image_custom_fields":null,"og_video":null,"og_custom_url":null,"og_article_section":null,"og_article_tags":null,"twitter_use_og":false,"twitter_card":"default","twitter_image_type":"default","twitter_image_url":null,"twitter_image_custom_url":null,"twitter_image_custom_fields":null,"twitter_title":null,"twitter_description":null,"schema":{"blockGraphs":[],"customGraphs":[],"default":{"data":{"Article":[],"Course":[],"Dataset":[],"FAQPage":[],"Movie":[],"Person":[],"Product":[],"ProductReview":[],"Car":[],"Recipe":[],"Service":[],"SoftwareApplication":[],"WebPage":[]},"graphName":"Article","isEnabled":true},"graphs":[]},"schema_type":"default","schema_type_options":null,"pillar_content":false,"robots_default":true,"robots_noindex":false,"robots_noarchive":false,"robots_nosnippet":false,"robots_nofollow":false,"robots_noimageindex":false,"robots_noodp":false,"robots_notranslate":false,"robots_max_snippet":null,"robots_max_videopreview":null,"robots_max_imagepreview":"large","priority":null,"frequency":null,"local_seo":null,"breadcrumb_settings":null,"limit_modified_date":false,"ai":null,"created":"2022-03-30 15:47:27","updated":"2025-06-25 17:32:11","seo_analyzer_scan_date":null},"aioseo_breadcrumb":"<div class=\"aioseo-breadcrumbs\"><span class=\"aioseo-breadcrumb\">\n\t\t\t<a href=\"https:\/\/fh-waltrop.de\" title=\"Home\">Home<\/a>\n\t\t<\/span><span class=\"aioseo-breadcrumb-separator\">&raquo;<\/span><span class=\"aioseo-breadcrumb\">\n\t\t\t<a href=\"https:\/\/fh-waltrop.de\/index.php\/category\/news\/\" title=\"News\">News<\/a>\n\t\t<\/span><span class=\"aioseo-breadcrumb-separator\">&raquo;<\/span><span class=\"aioseo-breadcrumb\">\n\t\t\t<a href=\"https:\/\/fh-waltrop.de\/index.php\/category\/news\/waltrop-und-umgebung\/\" title=\"Waltrop und Umgebung\">Waltrop und Umgebung<\/a>\n\t\t<\/span><span class=\"aioseo-breadcrumb-separator\">&raquo;<\/span><span class=\"aioseo-breadcrumb\">\n\t\t\tNetzwerktreffen Interkultur Ruhr: Digitale Medien als Schl\u00fcssel f\u00fcr mehr Teilhabe junger Migranten\n\t\t<\/span><\/div>","aioseo_breadcrumb_json":[{"label":"Home","link":"https:\/\/fh-waltrop.de"},{"label":"News","link":"https:\/\/fh-waltrop.de\/index.php\/category\/news\/"},{"label":"Waltrop und Umgebung","link":"https:\/\/fh-waltrop.de\/index.php\/category\/news\/waltrop-und-umgebung\/"},{"label":"Netzwerktreffen Interkultur Ruhr: Digitale Medien als Schl\u00fcssel f\u00fcr mehr Teilhabe junger Migranten","link":"https:\/\/fh-waltrop.de\/index.php\/netzwerktreffen-interkultur-ruhr-digitale-medien-als-schlussel-fur-mehr-teilhabe-junger-migranten\/"}],"jetpack_publicize_connections":[],"jetpack_featured_media_url":"","jetpack_sharing_enabled":true,"jetpack_shortlink":"https:\/\/wp.me\/pdR32e-XK","jetpack-related-posts":[{"id":2252,"url":"https:\/\/fh-waltrop.de\/index.php\/rvr-und-bahnhof-langendreer-veranstalten-netzwerktreffen-interkultur\/","url_meta":{"origin":3704,"position":0},"title":"RVR und Bahnhof Langendreer veranstalten Netzwerktreffen Interkultur","author":"Redaktion","date":"15. November 2016","format":false,"excerpt":"Bochum (idr). Die Initiative \"Interkultur Ruhr\" des Regionalverbands Ruhr (RVR) veranstaltet gemeinsam mit dem Bahnhof Langendreer in Bochum am Montag, 21. November, 10 bis 15 Uhr, das dritte Netzwerktreffen Interkultur. In Impulsvortr\u00e4gen und Workshops geht es um das Thema \"Miteinander arbeiten \u2013 aber wie?\". Im Mittelpunkt stehen Fragen nach Partizipation,\u2026","rel":"","context":"In &quot;News&quot;","block_context":{"text":"News","link":"https:\/\/fh-waltrop.de\/index.php\/category\/news\/"},"img":{"alt_text":"Foto (c): B. Sch\u00e4fer","src":"https:\/\/i0.wp.com\/fh-waltrop.de\/wp-content\/uploads\/2016\/11\/Foto_copyright_by_Bernd_Schaefer_Zuhause01.jpg?resize=350%2C200","width":350,"height":200,"srcset":"https:\/\/i0.wp.com\/fh-waltrop.de\/wp-content\/uploads\/2016\/11\/Foto_copyright_by_Bernd_Schaefer_Zuhause01.jpg?resize=350%2C200 1x, https:\/\/i0.wp.com\/fh-waltrop.de\/wp-content\/uploads\/2016\/11\/Foto_copyright_by_Bernd_Schaefer_Zuhause01.jpg?resize=525%2C300 1.5x"},"classes":[]},{"id":747,"url":"https:\/\/fh-waltrop.de\/index.php\/rvr-und-land-nrw-wollen-forderfonds-fur-kulturelle-projekte-mit-fluchtlingen-auflegen\/","url_meta":{"origin":3704,"position":1},"title":"RVR und Land NRW wollen F\u00f6rderfonds f\u00fcr kulturelle Projekte mit Fl\u00fcchtlingen auflegen\u00a0","author":"Bernd Sch\u00e4fer","date":"18. November 2015","format":false,"excerpt":"Mit einem F\u00f6rderfonds, aus dem gemeinsame Kulturprojekte mit Fl\u00fcchtlingen unterst\u00fctzt werden k\u00f6nnen, wollen das Land NRW und der Regionalverband Ruhr (RVR) die Willkommenskultur im Ruhrgebiet st\u00e4rken. Diesem Vorhaben hat der Kultur- und Sportausschuss des RVR in seiner heutigen Sitzung (18.11.) zugestimmt. Neben den akuten Fragen von Unterbringung und Versorgung will\u2026","rel":"","context":"In &quot;Helfen&quot;","block_context":{"text":"Helfen","link":"https:\/\/fh-waltrop.de\/index.php\/category\/helfen\/"},"img":{"alt_text":"Boot","src":"https:\/\/i0.wp.com\/fh-waltrop.de\/wp-content\/uploads\/2015\/10\/ueberfahrt.jpg?resize=350%2C200","width":350,"height":200,"srcset":"https:\/\/i0.wp.com\/fh-waltrop.de\/wp-content\/uploads\/2015\/10\/ueberfahrt.jpg?resize=350%2C200 1x, https:\/\/i0.wp.com\/fh-waltrop.de\/wp-content\/uploads\/2015\/10\/ueberfahrt.jpg?resize=525%2C300 1.5x, https:\/\/i0.wp.com\/fh-waltrop.de\/wp-content\/uploads\/2015\/10\/ueberfahrt.jpg?resize=700%2C400 2x"},"classes":[]},{"id":1248,"url":"https:\/\/fh-waltrop.de\/index.php\/interkultur-ruhr-61-000-euro-fur-kulturelle-fluchtlingsprojekte\/","url_meta":{"origin":3704,"position":2},"title":"Interkultur Ruhr &#8211; 61.000 Euro f\u00fcr kulturelle Fl\u00fcchtlingsprojekte","author":"Redaktion","date":"19. Februar 2016","format":false,"excerpt":"Der Regionalverband Ruhr (RVR) f\u00f6rdert erstmals 13 Projekte aus seinem neuen F\u00f6rderfonds \"Interkultur Ruhr\" mit insgesamt 61.850 Euro. Unterst\u00fctzt werden Institutionen, Vereine, Initiativen und freie Akteure im Ruhrgebiet, die sich in kulturellen und k\u00fcnstlerischen Vorhaben mit der aktuellen Zuwanderung auseinandersetzen. In seiner Sitzung am 18. Februar bewilligte der RVR-Kultur- und\u2026","rel":"","context":"In &quot;News&quot;","block_context":{"text":"News","link":"https:\/\/fh-waltrop.de\/index.php\/category\/news\/"},"img":{"alt_text":"Foto (c): B. Sch\u00e4fer","src":"https:\/\/i0.wp.com\/fh-waltrop.de\/wp-content\/uploads\/2015\/09\/D3X8362.jpg?resize=350%2C200","width":350,"height":200},"classes":[]},{"id":2720,"url":"https:\/\/fh-waltrop.de\/index.php\/rvr-unterstutzt-interkulturelle-projekte-mit-mehr-als-120-000-euro\/","url_meta":{"origin":3704,"position":3},"title":"RVR unterst\u00fctzt interkulturelle Projekte mit mehr als 120.000 Euro","author":"Redaktion","date":"8. Juni 2017","format":false,"excerpt":"Essen\/Ruhrgebiet (idr). Der Regionalverband Ruhr (RVR) f\u00f6rdert in diesem Jahr weitere 23 Projekte mit insgesamt 123.433 Euro aus seinem F\u00f6rderfonds \"Interkultur Ruhr\". Unterst\u00fctzt werden Institutionen, Vereine, Initiativen und freie Akteure, die durch ihre k\u00fcnstlerische und soziokulturelle Arbeit einen Beitrag zum interkulturellen Leben in der Metropole Ruhr, insbesondere mit Fl\u00fcchtlingen, leisten.\u2026","rel":"","context":"In &quot;News&quot;","block_context":{"text":"News","link":"https:\/\/fh-waltrop.de\/index.php\/category\/news\/"},"img":{"alt_text":"","src":"https:\/\/i0.wp.com\/fh-waltrop.de\/wp-content\/uploads\/2016\/11\/Foto_copyright_by_Bernd_Schaefer_Zuhause01-300x205.jpg?resize=350%2C200","width":350,"height":200},"classes":[]},{"id":4302,"url":"https:\/\/fh-waltrop.de\/index.php\/foerderfonds-interkultur-ruhr-wird-wieder-aufgelegt\/","url_meta":{"origin":3704,"position":4},"title":"F\u00f6rderfonds Interkultur Ruhr wird wieder aufgelegt","author":"Redaktion","date":"10. Juni 2019","format":false,"excerpt":"Metropole Ruhr (idr). Der F\u00f6rderfonds Interkultur Ruhr geht in eine neue Runde. Auch 2019 sucht die Initiative des Regionalverbandes Ruhr (RVR) und des Kulturministeriums NRW unterst\u00fctzenswerte k\u00fcnstlerische, soziokulturelle und interdisziplin\u00e4re Projekte, die sich dem interkulturellen Zusammenleben im Ruhrgebiet widmen und sich f\u00fcr ein solidarisches Miteinander stark machen. Gesucht werden Produktionen\u2026","rel":"","context":"\u00c4hnlicher Beitrag","block_context":{"text":"\u00c4hnlicher Beitrag","link":""},"img":{"alt_text":"","src":"https:\/\/i0.wp.com\/fh-waltrop.de\/wp-content\/uploads\/2019\/06\/cover_920.jpg?resize=350%2C200&ssl=1","width":350,"height":200,"srcset":"https:\/\/i0.wp.com\/fh-waltrop.de\/wp-content\/uploads\/2019\/06\/cover_920.jpg?resize=350%2C200&ssl=1 1x, https:\/\/i0.wp.com\/fh-waltrop.de\/wp-content\/uploads\/2019\/06\/cover_920.jpg?resize=525%2C300&ssl=1 1.5x"},"classes":[]},{"id":1669,"url":"https:\/\/fh-waltrop.de\/index.php\/rvr-unterstutzt-23-weitere-projekte-der-interkultur-ruhr-mit-gut-116-000-euro-forderfonds-ist-ausgeschopft\/","url_meta":{"origin":3704,"position":5},"title":"RVR unterst\u00fctzt 23 weitere Projekte der &#8222;Interkultur Ruhr&#8220; mit gut 116.000 Euro \/ F\u00f6rderfonds ist ausgesch\u00f6pft","author":"Redaktion","date":"13. Juni 2016","format":false,"excerpt":"Essen\/Metropole Ruhr (idr). Der Regionalverband Ruhr (RVR) f\u00f6rdert weitere 23 Projekte aus dem im Januar 2016 aufgelegten F\u00f6rderfonds \u201eInterkultur Ruhr\u201c mit insgesamt 116.260 Euro. Unterst\u00fctzt werden Institutionen, Vereine, Initiativen und freie Akteure, die durch ihre k\u00fcnstlerische und soziokulturelle Arbeit einen Beitrag zum interkulturellen Leben in der Metropole Ruhr, insbesondere mit\u2026","rel":"","context":"\u00c4hnlicher Beitrag","block_context":{"text":"\u00c4hnlicher Beitrag","link":""},"img":{"alt_text":"Foto (c): B. Sch\u00e4fer","src":"https:\/\/i0.wp.com\/fh-waltrop.de\/wp-content\/uploads\/2015\/10\/ueberfahrt.jpg?resize=350%2C200","width":350,"height":200,"srcset":"https:\/\/i0.wp.com\/fh-waltrop.de\/wp-content\/uploads\/2015\/10\/ueberfahrt.jpg?resize=350%2C200 1x, https:\/\/i0.wp.com\/fh-waltrop.de\/wp-content\/uploads\/2015\/10\/ueberfahrt.jpg?resize=525%2C300 1.5x, https:\/\/i0.wp.com\/fh-waltrop.de\/wp-content\/uploads\/2015\/10\/ueberfahrt.jpg?resize=700%2C400 2x"},"classes":[]}],"_links":{"self":[{"href":"https:\/\/fh-waltrop.de\/index.php\/wp-json\/wp\/v2\/posts\/3704","targetHints":{"allow":["GET"]}}],"collection":[{"href":"https:\/\/fh-waltrop.de\/index.php\/wp-json\/wp\/v2\/posts"}],"about":[{"href":"https:\/\/fh-waltrop.de\/index.php\/wp-json\/wp\/v2\/types\/post"}],"author":[{"embeddable":true,"href":"https:\/\/fh-waltrop.de\/index.php\/wp-json\/wp\/v2\/users\/4"}],"replies":[{"embeddable":true,"href":"https:\/\/fh-waltrop.de\/index.php\/wp-json\/wp\/v2\/comments?post=3704"}],"version-history":[{"count":0,"href":"https:\/\/fh-waltrop.de\/index.php\/wp-json\/wp\/v2\/posts\/3704\/revisions"}],"wp:attachment":[{"href":"https:\/\/fh-waltrop.de\/index.php\/wp-json\/wp\/v2\/media?parent=3704"}],"wp:term":[{"taxonomy":"category","embeddable":true,"href":"https:\/\/fh-waltrop.de\/index.php\/wp-json\/wp\/v2\/categories?post=3704"},{"taxonomy":"post_tag","embeddable":true,"href":"https:\/\/fh-waltrop.de\/index.php\/wp-json\/wp\/v2\/tags?post=3704"}],"curies":[{"name":"wp","href":"https:\/\/api.w.org\/{rel}","templated":true}]}}