{"id":3744,"date":"2018-09-04T08:53:44","date_gmt":"2018-09-04T07:53:44","guid":{"rendered":"http:\/\/fh-waltrop.de\/?p=3744"},"modified":"2018-09-07T21:08:42","modified_gmt":"2018-09-07T20:08:42","slug":"zeichen-setzen-gegen-rassismus-und-abschiebewahn","status":"publish","type":"post","link":"https:\/\/fh-waltrop.de\/index.php\/zeichen-setzen-gegen-rassismus-und-abschiebewahn\/","title":{"rendered":"ZEICHEN SETZEN GEGEN RASSISMUS UND ABSCHIEBEWAHN"},"content":{"rendered":"<p><a href=\"http:\/\/www.fluechtlingsrat.de\/\" target=\"_blank\" rel=\"noopener\"><img loading=\"lazy\" decoding=\"async\" data-attachment-id=\"3750\" data-permalink=\"https:\/\/fh-waltrop.de\/csm_grafik_landesfluechtlingsraete_476fe6504f\/\" data-orig-file=\"https:\/\/fh-waltrop.de\/wp-content\/uploads\/2018\/09\/csm_grafik_landesfluechtlingsraete_476fe6504f.png\" data-orig-size=\"1200,195\" data-comments-opened=\"1\" data-image-meta=\"{&quot;aperture&quot;:&quot;0&quot;,&quot;credit&quot;:&quot;&quot;,&quot;camera&quot;:&quot;&quot;,&quot;caption&quot;:&quot;&quot;,&quot;created_timestamp&quot;:&quot;0&quot;,&quot;copyright&quot;:&quot;&quot;,&quot;focal_length&quot;:&quot;0&quot;,&quot;iso&quot;:&quot;0&quot;,&quot;shutter_speed&quot;:&quot;0&quot;,&quot;title&quot;:&quot;&quot;,&quot;orientation&quot;:&quot;0&quot;}\" data-image-title=\"csm_grafik_landesfluechtlingsraete_476fe6504f\" data-image-description=\"\" data-image-caption=\"\" data-large-file=\"https:\/\/fh-waltrop.de\/wp-content\/uploads\/2018\/09\/csm_grafik_landesfluechtlingsraete_476fe6504f-1024x166.png\" class=\"alignnone wp-image-3750 size-medium\" src=\"http:\/\/fh-waltrop.de\/wp-content\/uploads\/2018\/09\/csm_grafik_landesfluechtlingsraete_476fe6504f-300x49.png\" alt=\"\" width=\"300\" height=\"49\" srcset=\"https:\/\/fh-waltrop.de\/wp-content\/uploads\/2018\/09\/csm_grafik_landesfluechtlingsraete_476fe6504f-300x49.png 300w, https:\/\/fh-waltrop.de\/wp-content\/uploads\/2018\/09\/csm_grafik_landesfluechtlingsraete_476fe6504f-768x125.png 768w, https:\/\/fh-waltrop.de\/wp-content\/uploads\/2018\/09\/csm_grafik_landesfluechtlingsraete_476fe6504f-1024x166.png 1024w, https:\/\/fh-waltrop.de\/wp-content\/uploads\/2018\/09\/csm_grafik_landesfluechtlingsraete_476fe6504f.png 1200w\" sizes=\"auto, (max-width: 300px) 100vw, 300px\" \/><\/a><\/p>\n<div id=\"c678\" class=\"csc-default\">\n<p>Gemeinsame Pressemitteilung der Landesfl\u00fcchtlingsr\u00e4te vom 07. September 2018:<\/p>\n<p><strong>F\u00fcr ein solidarisches und angstfreies Leben! Gegen Rassismus und Abschiebewahn!<br \/>\nDie Fl\u00fcchtlingsr\u00e4te aller Bundesl\u00e4nder rufen zur Teilnahme an der antirassistischen Parade \u201eUnited against racism\u201c des B\u00fcndnisses \u201eWe`ll come United\u201c Ende September in Hamburg auf<br \/>\n<\/strong><br \/>\nDie Fl\u00fcchtlingsr\u00e4te aller Bundesl\u00e4nder sind entsetzt \u00fcber die rassistischen Mobilisierungen und die mediale Debatte \u00fcber Fl\u00fcchtlinge. Rechte Hetze dominiert die Migrationspolitik in Deutschland und Europa. \u201eDie Auseinandersetzung um Flucht und Migration zeigt die Entmenschlichung von Fl\u00fcchtenden, wenn etwa seelenruhig \u201eArgumente\u201c abgewogen werden, ob man Fl\u00fcchtlinge im Mittelmeer ertrinken lassen soll\u201c, so Birgit Naujoks vom Fl\u00fcchtlingsrat NRW.<\/p>\n<p>Politik und Beh\u00f6rden setzen enthemmt Repressionen gegen Fl\u00fcchtlinge durch. Die von Bundeskanzlerin Merkel als gescheitert bezeichnete Dublin-Regelung wird etwa auf Teufel komm` raus umgesetzt. Um Menschen abzuschieben, werden elementare Freiheitsrechte eingeschr\u00e4nkt:\u00a0 Menschen werden in Lagern isoliert und unter Hausarrest gestellt, um sie leichter abschieben zu k\u00f6nnen. Menschen, die nicht abgeschoben werden k\u00f6nnen, werden mit Arbeitsverboten und Leistungsk\u00fcrzungen unter dem Existenzminimum drangsaliert. So sollen sie zerm\u00fcrbt und zur Ausreise gezwungen werden. Das Beispiel Ellwangen zeigt, dass selbst Solidarisierungen unter den Fl\u00fcchtlingen gezielt kriminalisiert und als Gewalttaten dargestellt werden.<\/p>\n<p>Gegen die Stimmungsmache in Teilen von Politik und Gesellschaft haben sich selbstorganisierte Gruppen von Fl\u00fcchtlingen und Unterst\u00fctzer_innen zusammengefunden, die den menschenverachtenden Debatten Solidarit\u00e4t entgegensetzen und die allt\u00e4glichen K\u00e4mpfe sichtbar machen. Sie setzen ein klares Zeichen gegen Rassismus und Abschiebewahn. Die Fl\u00fcchtlingsr\u00e4te aller Bundesl\u00e4nder rufen zur Teilnahme an der antirassistischen Parade \u201eUnited against racism\u201c des B\u00fcndnisses \u201eWe`ll come United\u201c am Samstag, 29. September 2018 in Hamburg (12 Uhr am Rathausmarkt) auf. Auch das B\u00fcndnis #unteilbar solidarisiert sich mit Fl\u00fcchtlingen und organisiert eine Gro\u00dfdemonstration am 13. Oktober 2018 in Berlin.<\/p>\n<p><img loading=\"lazy\" decoding=\"async\" data-attachment-id=\"3755\" data-permalink=\"https:\/\/fh-waltrop.de\/index.php\/zeichen-setzen-gegen-rassismus-und-abschiebewahn\/bild-17\/\" data-orig-file=\"https:\/\/fh-waltrop.de\/wp-content\/uploads\/2018\/09\/bild-17.jpg\" data-orig-size=\"1170,249\" data-comments-opened=\"1\" data-image-meta=\"{&quot;aperture&quot;:&quot;0&quot;,&quot;credit&quot;:&quot;&quot;,&quot;camera&quot;:&quot;&quot;,&quot;caption&quot;:&quot;&quot;,&quot;created_timestamp&quot;:&quot;0&quot;,&quot;copyright&quot;:&quot;&quot;,&quot;focal_length&quot;:&quot;0&quot;,&quot;iso&quot;:&quot;0&quot;,&quot;shutter_speed&quot;:&quot;0&quot;,&quot;title&quot;:&quot;&quot;,&quot;orientation&quot;:&quot;0&quot;}\" data-image-title=\"bild-17\" data-image-description=\"\" data-image-caption=\"\" data-large-file=\"https:\/\/fh-waltrop.de\/wp-content\/uploads\/2018\/09\/bild-17-1024x218.jpg\" class=\"alignnone size-medium wp-image-3755\" src=\"http:\/\/fh-waltrop.de\/wp-content\/uploads\/2018\/09\/bild-17-300x64.jpg\" alt=\"\" width=\"300\" height=\"64\" srcset=\"https:\/\/fh-waltrop.de\/wp-content\/uploads\/2018\/09\/bild-17-300x64.jpg 300w, https:\/\/fh-waltrop.de\/wp-content\/uploads\/2018\/09\/bild-17-768x163.jpg 768w, https:\/\/fh-waltrop.de\/wp-content\/uploads\/2018\/09\/bild-17-1024x218.jpg 1024w, https:\/\/fh-waltrop.de\/wp-content\/uploads\/2018\/09\/bild-17.jpg 1170w\" sizes=\"auto, (max-width: 300px) 100vw, 300px\" \/><\/p>\n<p><strong>Pressekontakt:<\/strong> Birgit Naujoks, Tel. 0234 587315 60, <a href=\"mailto:info@frnrw.de\">info@frnrw.de<\/a><\/p>\n<\/div>\n<div id=\"c713\" class=\"csc-default\">\n<ul class=\"csc-uploads csc-uploads-1\">\n<li class=\"li-odd li-first col-sm-4 csc-uploads-element csc-uploads-element-pdf\"><a href=\"https:\/\/www.frnrw.de\/fileadmin\/frnrw\/media\/downloads\/Pressemitteilungen\/20180907_Gemeinsame_Pressemitteilung_Landesfluechtlingsraete.pdf\" target=\"_blank\" rel=\"noopener\"><img loading=\"lazy\" decoding=\"async\" src=\"https:\/\/www.frnrw.de\/typo3\/gfx\/fileicons\/pdf.gif\" alt=\"\" width=\"18\" height=\"16\" \/><\/a><span class=\"csc-uploads-fileName\"><a href=\"https:\/\/www.frnrw.de\/fileadmin\/frnrw\/media\/downloads\/Pressemitteilungen\/20180907_Gemeinsame_Pressemitteilung_Landesfluechtlingsraete.pdf\" target=\"_blank\" rel=\"noopener\">20180907 Gemeinsame Pressemitteilung Landesfluechtlingsraete.pdf<\/a><\/span><\/li>\n<\/ul>\n<\/div>\n<p>Mehr zum Ablauf <a href=\"http:\/\/www.jmw-dorsten.de\/wp-content\/uploads\/2018\/09\/Fortbildung-Polenaktion-24-09-18.pdf\">hier<\/a>.<\/p>\n","protected":false},"excerpt":{"rendered":"<p>Gemeinsame Pressemitteilung der Landesfl\u00fcchtlingsr\u00e4te vom 07. September 2018: F\u00fcr ein solidarisches und angstfreies Leben! Gegen Rassismus und Abschiebewahn! Die Fl\u00fcchtlingsr\u00e4te aller Bundesl\u00e4nder rufen zur Teilnahme an der antirassistischen Parade \u201eUnited against racism\u201c des B\u00fcndnisses \u201eWe`ll come United\u201c Ende September in Hamburg auf Die Fl\u00fcchtlingsr\u00e4te aller Bundesl\u00e4nder sind entsetzt \u00fcber die rassistischen Mobilisierungen und die mediale [&hellip;]<\/p>\n","protected":false},"author":5,"featured_media":0,"comment_status":"open","ping_status":"open","sticky":false,"template":"","format":"standard","meta":{"_genesis_hide_title":false,"_genesis_hide_breadcrumbs":false,"_genesis_hide_singular_image":false,"_genesis_hide_footer_widgets":false,"_genesis_custom_body_class":"","_genesis_custom_post_class":"","_genesis_layout":"","ngg_post_thumbnail":0,"jetpack_post_was_ever_published":false,"_jetpack_newsletter_access":"","_jetpack_dont_email_post_to_subs":false,"_jetpack_newsletter_tier_id":0,"_jetpack_memberships_contains_paywalled_content":false,"_jetpack_memberships_contains_paid_content":false,"footnotes":"","jetpack_publicize_message":"","jetpack_publicize_feature_enabled":true,"jetpack_social_post_already_shared":true,"jetpack_social_options":{"image_generator_settings":{"template":"highway","default_image_id":0,"font":"","enabled":false},"version":2}},"categories":[3,6],"tags":[],"class_list":{"0":"post-3744","1":"post","2":"type-post","3":"status-publish","4":"format-standard","6":"category-news","7":"category-waltrop-und-umgebung","8":"entry"},"aioseo_notices":[],"jetpack_publicize_connections":[],"jetpack_featured_media_url":"","jetpack_sharing_enabled":true,"jetpack_shortlink":"https:\/\/wp.me\/pdR32e-Yo","jetpack-related-posts":[],"_links":{"self":[{"href":"https:\/\/fh-waltrop.de\/index.php\/wp-json\/wp\/v2\/posts\/3744","targetHints":{"allow":["GET"]}}],"collection":[{"href":"https:\/\/fh-waltrop.de\/index.php\/wp-json\/wp\/v2\/posts"}],"about":[{"href":"https:\/\/fh-waltrop.de\/index.php\/wp-json\/wp\/v2\/types\/post"}],"author":[{"embeddable":true,"href":"https:\/\/fh-waltrop.de\/index.php\/wp-json\/wp\/v2\/users\/5"}],"replies":[{"embeddable":true,"href":"https:\/\/fh-waltrop.de\/index.php\/wp-json\/wp\/v2\/comments?post=3744"}],"version-history":[{"count":0,"href":"https:\/\/fh-waltrop.de\/index.php\/wp-json\/wp\/v2\/posts\/3744\/revisions"}],"wp:attachment":[{"href":"https:\/\/fh-waltrop.de\/index.php\/wp-json\/wp\/v2\/media?parent=3744"}],"wp:term":[{"taxonomy":"category","embeddable":true,"href":"https:\/\/fh-waltrop.de\/index.php\/wp-json\/wp\/v2\/categories?post=3744"},{"taxonomy":"post_tag","embeddable":true,"href":"https:\/\/fh-waltrop.de\/index.php\/wp-json\/wp\/v2\/tags?post=3744"}],"curies":[{"name":"wp","href":"https:\/\/api.w.org\/{rel}","templated":true}]}}