{"id":3914,"date":"2018-10-18T11:46:44","date_gmt":"2018-10-18T10:46:44","guid":{"rendered":"http:\/\/fh-waltrop.de\/?p=3914"},"modified":"2018-10-18T11:48:18","modified_gmt":"2018-10-18T10:48:18","slug":"menschenhandel-entschieden-bekampfen","status":"publish","type":"post","link":"https:\/\/fh-waltrop.de\/index.php\/menschenhandel-entschieden-bekampfen\/","title":{"rendered":"Menschenhandel entschieden bek\u00e4mpfen"},"content":{"rendered":"<p><strong><a href=\"https:\/\/www.caritas.de\/startseite\" target=\"_blank\" rel=\"noopener\"><img loading=\"lazy\" decoding=\"async\" data-attachment-id=\"3381\" data-permalink=\"https:\/\/fh-waltrop.de\/index.php\/kinderarmut-nachhaltig-bekampfen\/caritaslogo\/\" data-orig-file=\"https:\/\/fh-waltrop.de\/wp-content\/uploads\/2017\/10\/CaritasLogo.jpg\" data-orig-size=\"113,150\" data-comments-opened=\"1\" data-image-meta=\"{&quot;aperture&quot;:&quot;0&quot;,&quot;credit&quot;:&quot;&quot;,&quot;camera&quot;:&quot;&quot;,&quot;caption&quot;:&quot;&quot;,&quot;created_timestamp&quot;:&quot;0&quot;,&quot;copyright&quot;:&quot;&quot;,&quot;focal_length&quot;:&quot;0&quot;,&quot;iso&quot;:&quot;0&quot;,&quot;shutter_speed&quot;:&quot;0&quot;,&quot;title&quot;:&quot;&quot;,&quot;orientation&quot;:&quot;1&quot;}\" data-image-title=\"CaritasLogo\" data-image-description=\"\" data-image-caption=\"\" data-large-file=\"https:\/\/fh-waltrop.de\/wp-content\/uploads\/2017\/10\/CaritasLogo.jpg\" class=\"alignleft size-full wp-image-3381\" src=\"http:\/\/fh-waltrop.de\/wp-content\/uploads\/2017\/10\/CaritasLogo.jpg\" alt=\"\" width=\"113\" height=\"150\" \/><\/a><\/strong><strong>Caritas und IN VIA fordern verl\u00e4ssliche Hilfestrukturen f\u00fcr die Opfer<\/strong><\/p>\n<p><strong>Berlin, 17. Oktober 2018. <\/strong>Fl\u00e4chendeckende Beratung, angemessene psychosoziale Begleitung und angepasstes Aufenthaltsrecht: Damit sich die Opfer von Menschenhandel stabilisieren k\u00f6nnen, ben\u00f6tigen sie sichere Unterst\u00fctzungsstrukturen. Die wirksame Bek\u00e4mpfung des organisierten Menschenhandels setzt eine konsequente Strafverfolgung voraus, \u00fcber nationale Grenzen hinaus.<\/p>\n<p>Anl\u00e4sslich des Europ\u00e4ischen Tages gegen Menschenhandel am 18.10.2018 ver\u00f6ffentlichen der Deutsche Caritasverband (DCV) und IN VIA Katholischer Verband f\u00fcr M\u00e4dchen- und Frauensozialarbeit \u2013 Deutschland e.V. ein Zehn-Punkte-Programm zur Bek\u00e4mpfung von Menschenhandel und zum Ausbau bedarfsgerechter Hilfsangebote f\u00fcr die Opfer.<\/p>\n<p>\u201eMenschenhandel stellt eine schwere Menschenrechtsverletzung dar. Nach dem Gesch\u00e4ft mit Drogen und Waffen geh\u00f6rt der Menschenhandel zu den gewinnbringendsten kriminellen Gesch\u00e4ften. Opfer werden vor allem Frauen, deren Schutzlosigkeit im Heimatland und Verletzlichkeit im Migrationsprozess ausgenutzt werden\u201c, sagt Eva Maria Welskop-Deffaa, Vorstand Sozial- und Fachpolitik des DCV. Sie m\u00fcssten verl\u00e4sslich Schutz erhalten. Beh\u00f6rden, Polizei und Fachkr\u00e4fte der Jugend\u00e4mter m\u00fcssten ebenso wie die Wohlfahrtsverb\u00e4nde f\u00fcr das Delikt in Verbindung mit Zwangsprostitution und Zwangsarbeit sensibilisiert werden. Um sich zu stabilisieren und \u00fcber ihre Aussagebereitschaft frei zu entscheiden, sollten Opfer von Zwangsprostitution und ausbeuterischer Arbeit, sofern sie kein anderes Aufenthaltsrecht haben, einen Anspruch auf ein befristetes Aufenthaltsrecht von sechs Monaten erhalten. \u201eOpfer nehmen ihre Rechte oft nicht in Anspruch, weil sie Angst vor einer Aufenthaltsbeendigung haben. Die Aussagebereitschaft der Opfer gegen die T\u00e4ter sollte nicht l\u00e4nger zur Bedingung f\u00fcr ihr Aufenthaltsrecht gemacht werden\u201c, so Welskop-Deffaa.<\/p>\n<p>Unumg\u00e4nglich sei ein deutlicher Ausbau der Unterst\u00fctzungsstrukturen. \u201eSie brauchen eine sichere Unterbringung, die f\u00fcr weibliche Opfer in zu geringem Umfang und f\u00fcr m\u00e4nnliche Opfer fast gar nicht zur Verf\u00fcgung steht. Fl\u00e4chendeckend muss eine Beratungsstruktur einschlie\u00dflich angemessener psychosozialer Begleitung aufgebaut und vorgehalten werden. Weiter m\u00fcssen Einrichtungen zum Schutz und zur Versorgung der Betroffenen deutschlandweit sicher finanziert und zeitnah ausgebaut werden\u201c, fordert Irme Stetter-Karp, Vorsitzende von IN VIA Deutschland.<\/p>\n<p>Des Menschenhandels macht sich strafbar, wer eine andere Person unter Ausnutzung einer Zwangslange oder Hilflosigkeit anwirbt, bef\u00f6rdert oder beherbergt, um sie auszubeuten. Erfasst sind seit 2016 neben dem Menschenhandel zum Zweck der sexuellen und der Arbeitsausbeutung auch Menschenhandel zum Zweck der Bettelei, zur Begehung einer Straftat und zur Organentnahme. \u201eZur Flankierung des neu gefassten Straftatbestands sind nun nachhaltige Umsetzungsanstrengungen erforderlich\u201c, so Irme Stetter-Karp. Der DCV und IN VIA fordern die Einrichtung einer nationalen Berichterstatter-Stelle gegen Menschenhandel und den verbesserten Austausch von Informationen und Daten innerhalb der Europ\u00e4ischen Union zur grenz\u00fcberschreitenden Strafverfolgung. Eine Gesellschaft, die nicht konsequent gegen Menschenhandel, Entwertung von Menschen und auch konkret Arbeitsausbeutung vorgeht, nimmt Schaden, bekr\u00e4ftigen DCV und IN VIA gemeinsam.<\/p>\n<p>Die ausf\u00fchrliche Positionierung von IN VIA und DCV zur Bek\u00e4mpfung des Menschenhandels und zur Unterst\u00fctzung der Opfer finden Sie <a href=\"https:\/\/www.meine-caritas.de\/files\/newsletters\/30fc1e4d-9fba-43c4-baa7-6bc938178e8e\/7144b602-d956-410a-9ae4-13325a9f47db\/documents\/Positionierung_Menschenhandel_INVIA_DCV.pdf\" target=\"_blank\" rel=\"noopener\">hier.<\/a><\/p>\n<p>Der Deutsche Caritasverband ist als katholischer Wohlfahrtsverband der Dachverband zahlreicher katholischer Einrichtungs- und Personalfachverb\u00e4nde, unter ihnen IN VIA.<\/p>\n<p>Kontakte:<br \/>\nDr. Elke Tie\u00dfler-Marenda: <a href=\"mailto:Elke.Tiessler-Marenda@caritas.de\">Elke.Tiessler-Marenda@caritas.de<\/a> und Regine Rosner: <a href=\"mailto:Regine.Rosner@caritas.de\">Regine.Rosner@caritas.de<\/a><\/p>\n<p>&nbsp;<\/p>\n","protected":false},"excerpt":{"rendered":"<p>Caritas und IN VIA fordern verl\u00e4ssliche Hilfestrukturen f\u00fcr die Opfer Berlin, 17. Oktober 2018. Fl\u00e4chendeckende Beratung, angemessene psychosoziale Begleitung und angepasstes Aufenthaltsrecht: Damit sich die Opfer von Menschenhandel stabilisieren k\u00f6nnen, ben\u00f6tigen sie sichere Unterst\u00fctzungsstrukturen. Die wirksame Bek\u00e4mpfung des organisierten Menschenhandels setzt eine konsequente Strafverfolgung voraus, \u00fcber nationale Grenzen hinaus. Anl\u00e4sslich des Europ\u00e4ischen Tages gegen Menschenhandel [&hellip;]<\/p>\n","protected":false},"author":5,"featured_media":0,"comment_status":"open","ping_status":"open","sticky":false,"template":"","format":"standard","meta":{"_genesis_hide_title":false,"_genesis_hide_breadcrumbs":false,"_genesis_hide_singular_image":false,"_genesis_hide_footer_widgets":false,"_genesis_custom_body_class":"","_genesis_custom_post_class":"","_genesis_layout":"","ngg_post_thumbnail":0,"jetpack_post_was_ever_published":false,"_jetpack_newsletter_access":"","_jetpack_dont_email_post_to_subs":false,"_jetpack_newsletter_tier_id":0,"_jetpack_memberships_contains_paywalled_content":false,"_jetpack_memberships_contains_paid_content":false,"footnotes":"","jetpack_publicize_message":"","jetpack_publicize_feature_enabled":true,"jetpack_social_post_already_shared":true,"jetpack_social_options":{"image_generator_settings":{"template":"highway","default_image_id":0,"font":"","enabled":false},"version":2}},"categories":[7,3],"tags":[],"class_list":{"0":"post-3914","1":"post","2":"type-post","3":"status-publish","4":"format-standard","6":"category-aus-aller-welt","7":"category-news","8":"entry"},"aioseo_notices":[],"jetpack_publicize_connections":[],"jetpack_featured_media_url":"","jetpack_sharing_enabled":true,"jetpack_shortlink":"https:\/\/wp.me\/pdR32e-118","jetpack-related-posts":[],"_links":{"self":[{"href":"https:\/\/fh-waltrop.de\/index.php\/wp-json\/wp\/v2\/posts\/3914","targetHints":{"allow":["GET"]}}],"collection":[{"href":"https:\/\/fh-waltrop.de\/index.php\/wp-json\/wp\/v2\/posts"}],"about":[{"href":"https:\/\/fh-waltrop.de\/index.php\/wp-json\/wp\/v2\/types\/post"}],"author":[{"embeddable":true,"href":"https:\/\/fh-waltrop.de\/index.php\/wp-json\/wp\/v2\/users\/5"}],"replies":[{"embeddable":true,"href":"https:\/\/fh-waltrop.de\/index.php\/wp-json\/wp\/v2\/comments?post=3914"}],"version-history":[{"count":0,"href":"https:\/\/fh-waltrop.de\/index.php\/wp-json\/wp\/v2\/posts\/3914\/revisions"}],"wp:attachment":[{"href":"https:\/\/fh-waltrop.de\/index.php\/wp-json\/wp\/v2\/media?parent=3914"}],"wp:term":[{"taxonomy":"category","embeddable":true,"href":"https:\/\/fh-waltrop.de\/index.php\/wp-json\/wp\/v2\/categories?post=3914"},{"taxonomy":"post_tag","embeddable":true,"href":"https:\/\/fh-waltrop.de\/index.php\/wp-json\/wp\/v2\/tags?post=3914"}],"curies":[{"name":"wp","href":"https:\/\/api.w.org\/{rel}","templated":true}]}}