{"id":3919,"date":"2018-10-24T18:13:28","date_gmt":"2018-10-24T17:13:28","guid":{"rendered":"http:\/\/fh-waltrop.de\/?p=3919"},"modified":"2018-10-24T18:19:49","modified_gmt":"2018-10-24T17:19:49","slug":"ich-war-ein-seltener-fall","status":"publish","type":"post","link":"https:\/\/fh-waltrop.de\/index.php\/ich-war-ein-seltener-fall\/","title":{"rendered":"\u201eIch war ein seltener Fall\u201c."},"content":{"rendered":"<h4><a href=\"https:\/\/www.geschichtskultur-ruhr.de\/\" target=\"_blank\" rel=\"noopener\"><img loading=\"lazy\" decoding=\"async\" data-attachment-id=\"3920\" data-permalink=\"https:\/\/fh-waltrop.de\/index.php\/ich-war-ein-seltener-fall\/forum_geschichtskultur\/\" data-orig-file=\"https:\/\/fh-waltrop.de\/wp-content\/uploads\/2018\/10\/forum_geschichtskultur.png\" data-orig-size=\"299,114\" data-comments-opened=\"1\" data-image-meta=\"{&quot;aperture&quot;:&quot;0&quot;,&quot;credit&quot;:&quot;&quot;,&quot;camera&quot;:&quot;&quot;,&quot;caption&quot;:&quot;&quot;,&quot;created_timestamp&quot;:&quot;0&quot;,&quot;copyright&quot;:&quot;&quot;,&quot;focal_length&quot;:&quot;0&quot;,&quot;iso&quot;:&quot;0&quot;,&quot;shutter_speed&quot;:&quot;0&quot;,&quot;title&quot;:&quot;&quot;,&quot;orientation&quot;:&quot;0&quot;}\" data-image-title=\"forum_geschichtskultur\" data-image-description=\"\" data-image-caption=\"\" data-large-file=\"https:\/\/fh-waltrop.de\/wp-content\/uploads\/2018\/10\/forum_geschichtskultur.png\" class=\"alignleft wp-image-3920\" src=\"http:\/\/fh-waltrop.de\/wp-content\/uploads\/2018\/10\/forum_geschichtskultur.png\" alt=\"\" width=\"250\" height=\"95\" \/><\/a>Die deutsch-j\u00fcdisch-polnische Geschichte der Leni Zytnicka<\/h4>\n<p><strong>So., 28.10.2018, 17.00 Uhr, J\u00fcdisches Museum Westfalen: <\/strong><strong>L<\/strong><strong>esung und Diskussion mit Dr. Heidi Behrens und Dr. Norbert Reichling<\/strong><\/p>\n<p>Der 28. Oktober 1938 ver\u00e4nderte das Leben der Essenerin Helene Zytnicka von Grund auf: Mit ihrem j\u00fcdischen Ehemann und zwei Kindern deportierte man sie, wie fast alle \u201eOstjuden\u201c polnischer Herkunft aus dem Deutschen Reich, an die deutsch-polnische Grenze. Hintergrund war die Bef\u00fcrchtung, dass diese Gruppe von Polen ausgeb\u00fcrgert werden k\u00f6nne. Nach einem mehrmonatigen Provisorium in Zb\u0105szy\u0144 geriet die Familie 1939 nach Warschau und war schon bald gezwungen, im Ghetto zu wohnen. <br class=\"\" \/>Im Jahre 2000 berichtete die damals 96-j\u00e4hrige Zeitzeugin, wie sie diese Gewaltaktionen und den mehrmonatigen Aufenthalt dort erfuhr und sp\u00e4ter im deutsch besetzten Warschau mit falschen Papieren und illegalen Gesch\u00e4ften ihre Angeh\u00f6rigen zu retten suchte. Ihre Erinnerungen an die Vorgeschichte und die dramatischen Folgen der Deportation von 1938 werden hier in den zeitgeschichtlichen Rahmen gestellt.<br class=\"\" \/><br class=\"\" \/>Heidi Behrens und Norbert Reichling arbeiten in der politischen Erwachsenenbildung und haben dieses Zeitzeugnis zu einem soeben erschienenen Buch mit gleichem Titel verarbeitet.<br class=\"\" \/><br class=\"\" \/>In Zusammenarbeit mit der Gesellschaft f\u00fcr christlich-j\u00fcdische Zusammenarbeit im Kreis Recklinghausen &#8211;<br class=\"\" \/><br class=\"\" \/>~~~<br class=\"\" \/>J\u00dcDISCHES MUSEUM WESTFALEN<br class=\"\" \/>Julius-Ambrunn-Str. 1, 46282 Dorsten<br class=\"\" \/><a class=\"\" href=\"http:\/\/www.jmw-dorsten.de\">www.jmw-dorsten.de<\/a><br \/>\n<a class=\"\" href=\"http:\/\/www.geschichtskultur-ruhr.de\" target=\"_blank\" rel=\"noopener\">www.geschichtskultur-ruhr.de<\/a><\/p>\n<p>&nbsp;<\/p>\n<p>&nbsp;<\/p>\n","protected":false},"excerpt":{"rendered":"<p>Die deutsch-j\u00fcdisch-polnische Geschichte der Leni Zytnicka So., 28.10.2018, 17.00 Uhr, J\u00fcdisches Museum Westfalen: Lesung und Diskussion mit Dr. Heidi Behrens und Dr. Norbert Reichling Der 28. Oktober 1938 ver\u00e4nderte das Leben der Essenerin Helene Zytnicka von Grund auf: Mit ihrem j\u00fcdischen Ehemann und zwei Kindern deportierte man sie, wie fast alle \u201eOstjuden\u201c polnischer Herkunft aus [&hellip;]<\/p>\n","protected":false},"author":5,"featured_media":0,"comment_status":"open","ping_status":"open","sticky":false,"template":"","format":"standard","meta":{"_genesis_hide_title":false,"_genesis_hide_breadcrumbs":false,"_genesis_hide_singular_image":false,"_genesis_hide_footer_widgets":false,"_genesis_custom_body_class":"","_genesis_custom_post_class":"","_genesis_layout":"","ngg_post_thumbnail":0,"jetpack_post_was_ever_published":false,"_jetpack_newsletter_access":"","_jetpack_dont_email_post_to_subs":false,"_jetpack_newsletter_tier_id":0,"_jetpack_memberships_contains_paywalled_content":false,"_jetpack_memberships_contains_paid_content":false,"footnotes":"","jetpack_publicize_message":"","jetpack_publicize_feature_enabled":true,"jetpack_social_post_already_shared":true,"jetpack_social_options":{"image_generator_settings":{"template":"highway","default_image_id":0,"font":"","enabled":false},"version":2}},"categories":[6],"tags":[],"class_list":{"0":"post-3919","1":"post","2":"type-post","3":"status-publish","4":"format-standard","6":"category-waltrop-und-umgebung","7":"entry"},"aioseo_notices":[],"jetpack_publicize_connections":[],"jetpack_featured_media_url":"","jetpack_sharing_enabled":true,"jetpack_shortlink":"https:\/\/wp.me\/pdR32e-11d","jetpack-related-posts":[],"_links":{"self":[{"href":"https:\/\/fh-waltrop.de\/index.php\/wp-json\/wp\/v2\/posts\/3919","targetHints":{"allow":["GET"]}}],"collection":[{"href":"https:\/\/fh-waltrop.de\/index.php\/wp-json\/wp\/v2\/posts"}],"about":[{"href":"https:\/\/fh-waltrop.de\/index.php\/wp-json\/wp\/v2\/types\/post"}],"author":[{"embeddable":true,"href":"https:\/\/fh-waltrop.de\/index.php\/wp-json\/wp\/v2\/users\/5"}],"replies":[{"embeddable":true,"href":"https:\/\/fh-waltrop.de\/index.php\/wp-json\/wp\/v2\/comments?post=3919"}],"version-history":[{"count":0,"href":"https:\/\/fh-waltrop.de\/index.php\/wp-json\/wp\/v2\/posts\/3919\/revisions"}],"wp:attachment":[{"href":"https:\/\/fh-waltrop.de\/index.php\/wp-json\/wp\/v2\/media?parent=3919"}],"wp:term":[{"taxonomy":"category","embeddable":true,"href":"https:\/\/fh-waltrop.de\/index.php\/wp-json\/wp\/v2\/categories?post=3919"},{"taxonomy":"post_tag","embeddable":true,"href":"https:\/\/fh-waltrop.de\/index.php\/wp-json\/wp\/v2\/tags?post=3919"}],"curies":[{"name":"wp","href":"https:\/\/api.w.org\/{rel}","templated":true}]}}