{"id":3997,"date":"2018-12-11T09:55:17","date_gmt":"2018-12-11T08:55:17","guid":{"rendered":"http:\/\/fh-waltrop.de\/?p=3997"},"modified":"2018-12-11T10:14:30","modified_gmt":"2018-12-11T09:14:30","slug":"un-migrationspakt","status":"publish","type":"post","link":"https:\/\/fh-waltrop.de\/index.php\/un-migrationspakt\/","title":{"rendered":"UN-Migrationspakt"},"content":{"rendered":"<h4>Klares Zeichen f\u00fcr sichere und geordnete Migration<\/h4>\n<p><strong><a href=\"https:\/\/www.caritas.de\/startseite\" target=\"_blank\" rel=\"noopener\"><img loading=\"lazy\" decoding=\"async\" data-attachment-id=\"3381\" data-permalink=\"https:\/\/fh-waltrop.de\/index.php\/kinderarmut-nachhaltig-bekampfen\/caritaslogo\/\" data-orig-file=\"https:\/\/fh-waltrop.de\/wp-content\/uploads\/2017\/10\/CaritasLogo.jpg\" data-orig-size=\"113,150\" data-comments-opened=\"1\" data-image-meta=\"{&quot;aperture&quot;:&quot;0&quot;,&quot;credit&quot;:&quot;&quot;,&quot;camera&quot;:&quot;&quot;,&quot;caption&quot;:&quot;&quot;,&quot;created_timestamp&quot;:&quot;0&quot;,&quot;copyright&quot;:&quot;&quot;,&quot;focal_length&quot;:&quot;0&quot;,&quot;iso&quot;:&quot;0&quot;,&quot;shutter_speed&quot;:&quot;0&quot;,&quot;title&quot;:&quot;&quot;,&quot;orientation&quot;:&quot;1&quot;}\" data-image-title=\"CaritasLogo\" data-image-description=\"\" data-image-caption=\"\" data-large-file=\"https:\/\/fh-waltrop.de\/wp-content\/uploads\/2017\/10\/CaritasLogo.jpg\" class=\"alignleft size-full wp-image-3381\" src=\"http:\/\/fh-waltrop.de\/wp-content\/uploads\/2017\/10\/CaritasLogo.jpg\" alt=\"\" width=\"113\" height=\"150\" \/><\/a><\/strong><strong>Berlin\/Marrakesch, 10.12.2018. <\/strong>\u201eDer UN-Migrationspakt soll Start f\u00fcr eine global geordnete, fairere Migrationspolitik zum Nutzen aller sein\u201c, betont Caritas-Pr\u00e4sident Peter Neher anl\u00e4sslich der Annahme des UN-Migrationspaktes heute in Marrakesch. Er appelliert an die Staaten, sich diesem Pakt anzuschlie\u00dfen.<\/p>\n<p>Der Globale Pakt f\u00fcr sichere, geordnete und regul\u00e4re Migration ist das Ergebnis eines weltweiten Lern- und Erfahrungsprozesses der letzten Jahre. Er kann aus Sicht des Deutschen Caritasverbandes globale Standards im Umgang mit Migration schaffen und Signalwirkung f\u00fcr die Wahrung der Menschenrechte w\u00e4hrend der Wanderungsbewegung entfalten. \u201eHeute j\u00e4hrt sich die Allgemeine Erkl\u00e4rung der Menschenrechte zum 70. Mal. Ein wichtiger Tag f\u00fcr alle politisch Verantwortlichen, sich darauf zu besinnen, dass es eine Selbstverst\u00e4ndlichkeit sein und bleiben muss, dass Migrantinnen und Migranten Anspruch auf die allgemeinen Menschenrechte und Grundfreiheiten haben, wie es der Pakt formuliert\u201c, unterstreicht Neher. Rechtsstaatlichkeit und ordnungsgem\u00e4\u00dfe Verfahren f\u00fcr Migrantinnen und Migranten sind unbestreitbar zu gew\u00e4hrleisten. Die Verwirklichung ihrer Rechte sei allzu oft allerdings nicht selbstverst\u00e4ndlich.<\/p>\n<p>\u201eDas Abkommen macht deutlich, dass Migration eine gemeinsame Herausforderung der Weltgemeinschaft darstellt und ein einzelstaatliches Vorgehen nicht ausreicht. Millionen Menschen sind in den letzten Jahren weltweit aus ihren Heimatl\u00e4ndern geflohen oder ausgewandert. Wir m\u00fcssen die Wirklichkeit und Lebenssituation dieser Menschen ernst nehmen und anerkennen\u201c, so Neher.<\/p>\n<p>Der Globale Pakt f\u00fcr eine sichere, geordnete und regul\u00e4re Migration soll helfen, das Wohlergehen nicht nur von Migrantinnen und Migranten, sondern auch das der Bewohner und Bewohnerinnen der Transit- und Ziell\u00e4nder sowie der Herkunftsl\u00e4nder zu f\u00f6rdern, Migrationsursachen zu mildern und der Ausbeutung von Arbeitsmigranten entgegen zu wirken. Gleichzeitig geht es in dem Pakt auch um bessere Grenzkontrollen und eine effizientere Feststellung von Identit\u00e4ten. In Zeiten, in denen an vielen Orten der Welt hochstrittig \u00fcber Migration und Flucht diskutiert wird, setzt der Pakt ein Zeichen. \u201eDer Pakt kann weltweit zu mehr Miteinander und weniger Gegeneinander in der Migrationspolitik beitragen\u201c, betont Neher.<\/p>\n<p>Damit der Migrationspakt ein Erfolg wird, m\u00fcssen auf seine Annahme n\u00e4chste politische Schritte folgen. Herkunfts- und Zielstaaten m\u00fcssen dazu Strategien entwickeln. Gemeinsam mit der Zivilgesellschaft sieht der Deutsche Caritasverband die UNO, die EU und die Nationalstaaten in der Pflicht, Ideen zu entwickeln, wie Beheimatung und Mobilit\u00e4t zum Nutzen aller gestaltet werden k\u00f6nnen.<\/p>\n<p><strong>Herausgegeben von<\/strong><br \/>\n<strong>Deutscher Caritasverband e.V.<\/strong><br \/>\n<strong>Stabsstelle Presse- und \u00d6ffentlichkeitsarbeit<\/strong><\/p>\n","protected":false},"excerpt":{"rendered":"<p>Klares Zeichen f\u00fcr sichere und geordnete Migration Berlin\/Marrakesch, 10.12.2018. \u201eDer UN-Migrationspakt soll Start f\u00fcr eine global geordnete, fairere Migrationspolitik zum Nutzen aller sein\u201c, betont Caritas-Pr\u00e4sident Peter Neher anl\u00e4sslich der Annahme des UN-Migrationspaktes heute in Marrakesch. Er appelliert an die Staaten, sich diesem Pakt anzuschlie\u00dfen. Der Globale Pakt f\u00fcr sichere, geordnete und regul\u00e4re Migration ist das [&hellip;]<\/p>\n","protected":false},"author":5,"featured_media":0,"comment_status":"open","ping_status":"open","sticky":false,"template":"","format":"standard","meta":{"_genesis_hide_title":false,"_genesis_hide_breadcrumbs":false,"_genesis_hide_singular_image":false,"_genesis_hide_footer_widgets":false,"_genesis_custom_body_class":"","_genesis_custom_post_class":"","_genesis_layout":"","ngg_post_thumbnail":0,"jetpack_post_was_ever_published":false,"_jetpack_newsletter_access":"","_jetpack_dont_email_post_to_subs":false,"_jetpack_newsletter_tier_id":0,"_jetpack_memberships_contains_paywalled_content":false,"_jetpack_memberships_contains_paid_content":false,"footnotes":"","jetpack_publicize_message":"","jetpack_publicize_feature_enabled":true,"jetpack_social_post_already_shared":true,"jetpack_social_options":{"image_generator_settings":{"template":"highway","default_image_id":0,"font":"","enabled":false},"version":2}},"categories":[7,3],"tags":[],"class_list":{"0":"post-3997","1":"post","2":"type-post","3":"status-publish","4":"format-standard","6":"category-aus-aller-welt","7":"category-news","8":"entry"},"aioseo_notices":[],"jetpack_publicize_connections":[],"jetpack_featured_media_url":"","jetpack_sharing_enabled":true,"jetpack_shortlink":"https:\/\/wp.me\/pdR32e-12t","jetpack-related-posts":[],"_links":{"self":[{"href":"https:\/\/fh-waltrop.de\/index.php\/wp-json\/wp\/v2\/posts\/3997","targetHints":{"allow":["GET"]}}],"collection":[{"href":"https:\/\/fh-waltrop.de\/index.php\/wp-json\/wp\/v2\/posts"}],"about":[{"href":"https:\/\/fh-waltrop.de\/index.php\/wp-json\/wp\/v2\/types\/post"}],"author":[{"embeddable":true,"href":"https:\/\/fh-waltrop.de\/index.php\/wp-json\/wp\/v2\/users\/5"}],"replies":[{"embeddable":true,"href":"https:\/\/fh-waltrop.de\/index.php\/wp-json\/wp\/v2\/comments?post=3997"}],"version-history":[{"count":0,"href":"https:\/\/fh-waltrop.de\/index.php\/wp-json\/wp\/v2\/posts\/3997\/revisions"}],"wp:attachment":[{"href":"https:\/\/fh-waltrop.de\/index.php\/wp-json\/wp\/v2\/media?parent=3997"}],"wp:term":[{"taxonomy":"category","embeddable":true,"href":"https:\/\/fh-waltrop.de\/index.php\/wp-json\/wp\/v2\/categories?post=3997"},{"taxonomy":"post_tag","embeddable":true,"href":"https:\/\/fh-waltrop.de\/index.php\/wp-json\/wp\/v2\/tags?post=3997"}],"curies":[{"name":"wp","href":"https:\/\/api.w.org\/{rel}","templated":true}]}}