{"id":4348,"date":"2019-07-19T22:50:05","date_gmt":"2019-07-19T21:50:05","guid":{"rendered":"http:\/\/fh-waltrop.de\/?p=4348"},"modified":"2019-07-19T22:50:12","modified_gmt":"2019-07-19T21:50:12","slug":"oneworldparty-2019","status":"publish","type":"post","link":"https:\/\/fh-waltrop.de\/index.php\/oneworldparty-2019\/","title":{"rendered":"OneWorldParty 2019"},"content":{"rendered":"\n<p>Die Fl\u00fcchtlingshilfe Waltrop veranstaltet am 31.08.2019 wieder ihre OneWorldParty. Und dieses kulturelle Ereignis nimmt nun Konturen an:<\/p>\n\n\n\n<p>Wir freuen uns den international bekannten Pianisten Aeham Ahmad ank\u00fcndigen zu d\u00fcrfen, der bei unserer Open Air Veranstaltung im Pfarrgarten am Haus der Begegnung, auftreten wird.<\/p>\n\n\n\n<p>Aeham Ahmad ist ein pal\u00e4stinensisch-syrischer Pianist. Internationale Bekanntheit erlangte er 2014\/2015 durch&nbsp;seine \u00f6ffentlichen Auftritte im Fl\u00fcchtlingslager Jarmouk \u2013 als \u201ePianist in den Tr\u00fcmmern\u201c w\u00e4hrend des B\u00fcrgerkriegs in Syrien.<\/p>\n\n\n\n<figure class=\"wp-block-image\"><img loading=\"lazy\" decoding=\"async\" width=\"878\" height=\"1024\" data-attachment-id=\"4349\" data-permalink=\"https:\/\/fh-waltrop.de\/index.php\/oneworldparty-2019\/yarmouk_foto-niraz-saied\/\" data-orig-file=\"https:\/\/fh-waltrop.de\/wp-content\/uploads\/2019\/07\/Yarmouk_Foto-Niraz-Saied.jpg\" data-orig-size=\"2919,3405\" data-comments-opened=\"1\" data-image-meta=\"{&quot;aperture&quot;:&quot;0&quot;,&quot;credit&quot;:&quot;&quot;,&quot;camera&quot;:&quot;&quot;,&quot;caption&quot;:&quot;&quot;,&quot;created_timestamp&quot;:&quot;0&quot;,&quot;copyright&quot;:&quot;&quot;,&quot;focal_length&quot;:&quot;0&quot;,&quot;iso&quot;:&quot;0&quot;,&quot;shutter_speed&quot;:&quot;0&quot;,&quot;title&quot;:&quot;&quot;,&quot;orientation&quot;:&quot;0&quot;}\" data-image-title=\"Yarmouk_Foto-Niraz-Saied\" data-image-description=\"\" data-image-caption=\"\" data-large-file=\"https:\/\/fh-waltrop.de\/wp-content\/uploads\/2019\/07\/Yarmouk_Foto-Niraz-Saied-878x1024.jpg\" src=\"http:\/\/fh-waltrop.de\/wp-content\/uploads\/2019\/07\/Yarmouk_Foto-Niraz-Saied-878x1024.jpg\" alt=\"\" class=\"wp-image-4349\" srcset=\"https:\/\/fh-waltrop.de\/wp-content\/uploads\/2019\/07\/Yarmouk_Foto-Niraz-Saied-878x1024.jpg 878w, https:\/\/fh-waltrop.de\/wp-content\/uploads\/2019\/07\/Yarmouk_Foto-Niraz-Saied-257x300.jpg 257w, https:\/\/fh-waltrop.de\/wp-content\/uploads\/2019\/07\/Yarmouk_Foto-Niraz-Saied-768x896.jpg 768w\" sizes=\"auto, (max-width: 878px) 100vw, 878px\" \/><figcaption>Foto (c):: Niraz Saied<\/figcaption><\/figure>\n\n\n\n<p>Ab Sommer 2013 war Yarmouk vollst\u00e4ndig abgeriegelt, mehr als&nbsp;100 Menschen verhungerten. Damit wollte sich Aeham nicht abfinden. Er lud sein&nbsp;altes Ukraina-Klavier auf&nbsp;einen Rollwagen und spielte in den Ruinen, um gegen&nbsp;den Hunger zu protestieren und den Menschen in seinem Viertel Hoffnung zu&nbsp;geben. Bis im April 2015 der IS das&nbsp;Viertel unter seine Kontrolle brachte \u2013 und&nbsp;Aehams Klavier vor seinen Augen verbrannten.<\/p>\n\n\n\n<p>Ihm blieb nur die Flucht. \u00dcber die T\u00fcrkei, Griechenland und&nbsp;die Balkanroute kam er im September 2015 nach M\u00fcnchen. Ein Jahr sp\u00e4ter konnten&nbsp;seine Frau und seine&nbsp;beiden kleinen S\u00f6hne nach Deutschland nachkommen. Heute&nbsp;lebt die Familie in Wiesbaden.<\/p>\n\n\n\n<p>Aeham Ahmad wurde 1988 in Yarmouk geboren, einem Vorort von&nbsp;Damaskus. Fr\u00fch f\u00f6rderte sein blinder Vater sein musikalisches Talent. Mit vier&nbsp;Jahren begann Aeham&nbsp;Keyboard zu spielen, mit sieben erhielt er&nbsp;Klavierunterricht im renommierten Arabischen Institut in Damaskus. Sp\u00e4ter&nbsp;studierte er Musikp\u00e4dagogik in Homs. W\u00e4hrend des&nbsp;Krieges verletzte ein&nbsp;Granatsplitter die Finger seiner rechten Hand; auch deshalb wird ihm eine&nbsp;Karriere als klassischer Konzertpianist verwehrt bleiben.<\/p>\n\n\n\n<p>Seit seiner Ankunft in Deutschland hat Aeham unz\u00e4hlige&nbsp;Konzerte gegeben, zum Beispiel in Berlin und Bonn, K\u00f6ln und Stuttgart, in Amsterdam, Rom, Mailand, London und Paris. Er&nbsp;begeistert die Zuschauer*innen mit der&nbsp;Intensit\u00e4t seiner Lieder und der Virtuosit\u00e4t&nbsp;seines Klavierspiels. St\u00fccke von Beethoven und Mozart tr\u00e4gt er vor,&nbsp;aber vor allem auch seine eigenen Kompositionen: fr\u00f6hliche,&nbsp;traurigen Lieder gegen Hunger und&nbsp;Gewalt.&nbsp;<\/p>\n\n\n\n<p>In M\u00fcnchen trat er zusammen mit den Sportfreunden Stiller, Judith&nbsp;Holofernes und Herbert Gr\u00f6nemeyer beim \u201eStars-sagen-Danke-Konzert\u201c f\u00fcr&nbsp;Fl\u00fcchtlingshelfer auf. Im Dezember 2015 wurde ihm der Internationale&nbsp;Beethovenpreis f\u00fcr Menschenrechte in Anwesenheit der Pianistin Martha Argerich&nbsp;in der Bundeskunsthalle Bonn verliehen.<\/p>\n\n\n\n<p>Zur Internationalen Frankfurter Buchmesse im\u00a0Oktober 2017 erschien seine Autobiografie\u00a0\u201eUnd die V\u00f6gel werden singen\u201c, verlegt im S. Fischer Verlag (ISBN 978-3-10-397317-4).<\/p>\n\n\n\n<figure class=\"wp-block-embed-youtube wp-block-embed is-type-video is-provider-youtube wp-embed-aspect-16-9 wp-has-aspect-ratio\"><div class=\"wp-block-embed__wrapper\">\n<span class=\"embed-youtube\" style=\"text-align:center; display: block;\"><iframe loading=\"lazy\" class=\"youtube-player\" width=\"640\" height=\"360\" src=\"https:\/\/www.youtube.com\/embed\/U9Jwf5nhkKs?version=3&#038;rel=1&#038;showsearch=0&#038;showinfo=1&#038;iv_load_policy=1&#038;fs=1&#038;hl=de-DE&#038;autohide=2&#038;wmode=transparent\" allowfullscreen=\"true\" style=\"border:0;\" sandbox=\"allow-scripts allow-same-origin allow-popups allow-presentation allow-popups-to-escape-sandbox\"><\/iframe><\/span>\n<\/div><\/figure>\n\n\n\n<figure class=\"wp-block-embed-youtube wp-block-embed is-type-video is-provider-youtube wp-embed-aspect-16-9 wp-has-aspect-ratio\"><div class=\"wp-block-embed__wrapper\">\n<span class=\"embed-youtube\" style=\"text-align:center; display: block;\"><iframe loading=\"lazy\" class=\"youtube-player\" width=\"640\" height=\"360\" src=\"https:\/\/www.youtube.com\/embed\/kCyZr54bgdQ?version=3&#038;rel=1&#038;showsearch=0&#038;showinfo=1&#038;iv_load_policy=1&#038;fs=1&#038;hl=de-DE&#038;autohide=2&#038;wmode=transparent\" allowfullscreen=\"true\" style=\"border:0;\" sandbox=\"allow-scripts allow-same-origin allow-popups allow-presentation allow-popups-to-escape-sandbox\"><\/iframe><\/span>\n<\/div><\/figure>\n\n\n\n<p><br><\/p>\n","protected":false},"excerpt":{"rendered":"<p>Die Fl\u00fcchtlingshilfe Waltrop veranstaltet am 31.08.2019 wieder ihre OneWorldParty. Und dieses kulturelle Ereignis nimmt nun Konturen an: Wir freuen uns den international bekannten Pianisten Aeham Ahmad ank\u00fcndigen zu d\u00fcrfen, der bei unserer Open Air Veranstaltung im Pfarrgarten am Haus der Begegnung, auftreten wird. Aeham Ahmad ist ein pal\u00e4stinensisch-syrischer Pianist. Internationale Bekanntheit erlangte er 2014\/2015 durch&nbsp;seine [&hellip;]<\/p>\n","protected":false},"author":4,"featured_media":0,"comment_status":"open","ping_status":"open","sticky":false,"template":"","format":"standard","meta":{"_genesis_hide_title":false,"_genesis_hide_breadcrumbs":false,"_genesis_hide_singular_image":false,"_genesis_hide_footer_widgets":false,"_genesis_custom_body_class":"","_genesis_custom_post_class":"","_genesis_layout":"","ngg_post_thumbnail":0,"jetpack_post_was_ever_published":false,"_jetpack_newsletter_access":"","_jetpack_dont_email_post_to_subs":false,"_jetpack_newsletter_tier_id":0,"_jetpack_memberships_contains_paywalled_content":false,"_jetpack_memberships_contains_paid_content":false,"footnotes":"","jetpack_publicize_message":"","jetpack_publicize_feature_enabled":true,"jetpack_social_post_already_shared":true,"jetpack_social_options":{"image_generator_settings":{"template":"highway","default_image_id":0,"font":"","enabled":false},"version":2}},"categories":[1],"tags":[],"class_list":{"0":"post-4348","1":"post","2":"type-post","3":"status-publish","4":"format-standard","6":"category-uncategorized","7":"entry"},"aioseo_notices":[],"jetpack_publicize_connections":[],"jetpack_featured_media_url":"","jetpack_sharing_enabled":true,"jetpack_shortlink":"https:\/\/wp.me\/pdR32e-188","jetpack-related-posts":[],"_links":{"self":[{"href":"https:\/\/fh-waltrop.de\/index.php\/wp-json\/wp\/v2\/posts\/4348","targetHints":{"allow":["GET"]}}],"collection":[{"href":"https:\/\/fh-waltrop.de\/index.php\/wp-json\/wp\/v2\/posts"}],"about":[{"href":"https:\/\/fh-waltrop.de\/index.php\/wp-json\/wp\/v2\/types\/post"}],"author":[{"embeddable":true,"href":"https:\/\/fh-waltrop.de\/index.php\/wp-json\/wp\/v2\/users\/4"}],"replies":[{"embeddable":true,"href":"https:\/\/fh-waltrop.de\/index.php\/wp-json\/wp\/v2\/comments?post=4348"}],"version-history":[{"count":0,"href":"https:\/\/fh-waltrop.de\/index.php\/wp-json\/wp\/v2\/posts\/4348\/revisions"}],"wp:attachment":[{"href":"https:\/\/fh-waltrop.de\/index.php\/wp-json\/wp\/v2\/media?parent=4348"}],"wp:term":[{"taxonomy":"category","embeddable":true,"href":"https:\/\/fh-waltrop.de\/index.php\/wp-json\/wp\/v2\/categories?post=4348"},{"taxonomy":"post_tag","embeddable":true,"href":"https:\/\/fh-waltrop.de\/index.php\/wp-json\/wp\/v2\/tags?post=4348"}],"curies":[{"name":"wp","href":"https:\/\/api.w.org\/{rel}","templated":true}]}}