{"id":4467,"date":"2020-03-09T16:25:37","date_gmt":"2020-03-09T15:25:37","guid":{"rendered":"http:\/\/fh-waltrop.de\/?p=4467"},"modified":"2020-03-09T16:25:43","modified_gmt":"2020-03-09T15:25:43","slug":"wir-muessen-die-kinder-die-auf-den-griechischen-inseln-leiden-schnell-rausholen","status":"publish","type":"post","link":"https:\/\/fh-waltrop.de\/index.php\/wir-muessen-die-kinder-die-auf-den-griechischen-inseln-leiden-schnell-rausholen\/","title":{"rendered":"\u201eWir m\u00fcssen die Kinder, die auf den griechischen Inseln leiden, schnell rausholen\u201c"},"content":{"rendered":"\n<div class=\"wp-block-image\"><figure class=\"alignleft\"><a href=\"https:\/\/www.caritas.de\/startseite\" target=\"_blank\" rel=\"noreferrer noopener\"><img loading=\"lazy\" decoding=\"async\" width=\"113\" height=\"150\" data-attachment-id=\"3381\" data-permalink=\"https:\/\/fh-waltrop.de\/index.php\/kinderarmut-nachhaltig-bekampfen\/caritaslogo\/\" data-orig-file=\"https:\/\/fh-waltrop.de\/wp-content\/uploads\/2017\/10\/CaritasLogo.jpg\" data-orig-size=\"113,150\" data-comments-opened=\"1\" data-image-meta=\"{&quot;aperture&quot;:&quot;0&quot;,&quot;credit&quot;:&quot;&quot;,&quot;camera&quot;:&quot;&quot;,&quot;caption&quot;:&quot;&quot;,&quot;created_timestamp&quot;:&quot;0&quot;,&quot;copyright&quot;:&quot;&quot;,&quot;focal_length&quot;:&quot;0&quot;,&quot;iso&quot;:&quot;0&quot;,&quot;shutter_speed&quot;:&quot;0&quot;,&quot;title&quot;:&quot;&quot;,&quot;orientation&quot;:&quot;1&quot;}\" data-image-title=\"CaritasLogo\" data-image-description=\"\" data-image-caption=\"\" data-large-file=\"https:\/\/fh-waltrop.de\/wp-content\/uploads\/2017\/10\/CaritasLogo.jpg\" src=\"http:\/\/fh-waltrop.de\/wp-content\/uploads\/2017\/10\/CaritasLogo.jpg\" alt=\"\" class=\"wp-image-3381\"\/><\/a><\/figure><\/div>\n\n\n\n<p><strong>Caritas-Pr\u00e4sident Neher im Vorfeld des EU-Innenministertreffens<em class=\"\"><\/em><\/strong><br><strong class=\"\">Berlin, 04. M\u00e4rz 2020.<\/strong>  Die Caritas appelliert dringend an  die Innenministerinnen und \u2013minister der EU, die sich heute treffen,  sich schnell auf die Aufnahme von gefl\u00fcchteten Kindern und Jugendlichen  von den griechischen Inseln zu einigen. Zudem stellt Caritas  international 100.000 Euro bereit f\u00fcr Nothilfema\u00dfnahmen vor Ort.<br><br> \u201eDie Forderung stellen wir schon l\u00e4nger, aber die dramatische Lage und  die zunehmende Gewalt insbesondere auf Lesbos machen sie umso  dringlicher\u201c, so Peter Neher, Pr\u00e4sident des Deutschen Caritasverbandes.  \u201eDie Sicherheit und die Gesundheit der gefl\u00fcchteten Kinder sind auf den  griechischen Inseln absolut nicht gew\u00e4hrleistet \u2013 das trifft auf alle  zu, die sich dort aufhalten, aber f\u00fcr die Kinder hat es besonders  gravierende Folgen.\u201c<br><br> Neher begr\u00fc\u00dft die Bereitschaft von Bundesinnenminister Horst Seehofer,  bei seinen EU-Kolleginnen und Kollegen f\u00fcr die Aufnahme der gefl\u00fcchteten  Kinder und Jugendliche zu werben, die sich auf den griechischen Inseln  befinden. \u201eEine L\u00f6sung mit 27 L\u00e4ndern wird es vermutlich nicht geben,  aber wenn einige bereitwillige L\u00e4nder mitmachen, w\u00e4re schon sehr viel  geholfen\u201c, so der Caritas-Pr\u00e4sident. \u201eDie Europ\u00e4ische Union muss  sichtbar machen, auf welchen Werten sie gr\u00fcndet.\u201c Aus Sicht der Caritas  d\u00fcrfen die Kinder nicht von ihren Familien getrennt werden. Nicht nur in  Deutschland haben mehrere Kommunen und Organisationen ihre Bereitschaft  signalisiert, Menschen aufzunehmen. Die Caritas wird die Aufnahme im  Rahmen ihrer Einrichtungen und Dienste aktiv unterst\u00fctzen. \u201eKlar ist  aber\u201c, betont Neher, \u201edass diese begrenzte Aktion die europ\u00e4ische  Fl\u00fcchtlingsfrage nicht l\u00f6sen wird. Die freigewordenen Pl\u00e4tze, werden  schon bald durch nachkommende Menschen besetzt werden.\u201c<br><br> Das Hilfswerk des Deutschen Caritasverbandes, Caritas international,  wird zudem vor Ort auf den Inseln Lesbos und Chios sowie am Grenzfluss  Evros, wo die Fl\u00fcchtlinge auf der t\u00fcrkischen Seite ausharren, in den  kommenden Tagen mit Nothilfema\u00dfnahmen beginnen. Die Caritas wird hierf\u00fcr  100.000 Euro bereitstellen.<br><br> Unabh\u00e4ngig von diesen Schritten muss Griechenland weiterhin unterst\u00fctzt  werden, damit das Land den Gefl\u00fcchteten menschenw\u00fcrdige  Lebensbedingungen bietet und die Wahrnehmung ihrer Grundrechte erlauben  kann.<br><br> Die Umst\u00e4nde in Syrien, insbesondere in und um Idlib, und in  Afghanistan, wo die meisten Menschen an der t\u00fcrkisch-griechischen Grenze  herkommen, sind verantwortlich f\u00fcr die aktuelle Situation. \u201eSeit Jahren  wird beispielsweise das Ende der terroristischen Attacken in  Afghanistan und des Krieges in Syrien angemahnt; die politischen  Aktivit\u00e4ten dazu sind eindeutig zu wenig\u201c, so Neher, \u201eda sind aber die  Probleme und da m\u00fcssen sie von der Politik, auch von der EU, angepackt  werden\u201c.<br><br><strong class=\"\">Links:<\/strong><br><a class=\"\" href=\"https:\/\/www.caritas-international.de\/hilfeweltweit\/europa\/griechenland\/fluechtlingshilfe-griechenland\">https:\/\/www.caritas-international.de\/hilfeweltweit\/europa\/griechenland\/fluechtlingshilfe-griechenland<\/a><br><br><a href=\"https:\/\/www.caritas.eu\/a-humane-reaction-is-urgently-needed-at-greek-turkish-border\/\" target=\"_blank\" rel=\"noreferrer noopener\" aria-label=\"https:\/\/www.caritas.eu\/a-humane-reaction-is-urgently-needed-at-greek-turkish-border\/.     (opens in a new tab)\">https:\/\/www.caritas.eu\/a-humane-reaction-is-urgently-needed-at-greek-turkish-border\/.    <\/a>      <\/p>\n\n\n\n<p><strong>Herausgegeben von<br>Deutscher Caritasverband e.V.<br>Pressestelle<br>Redaktion:<br>Mathilde Langendorf (Verantwortlich)<br>Pressesprecherin<\/strong><\/p>\n","protected":false},"excerpt":{"rendered":"<p>Caritas-Pr\u00e4sident Neher im Vorfeld des EU-InnenministertreffensBerlin, 04. M\u00e4rz 2020. Die Caritas appelliert dringend an die Innenministerinnen und \u2013minister der EU, die sich heute treffen, sich schnell auf die Aufnahme von gefl\u00fcchteten Kindern und Jugendlichen von den griechischen Inseln zu einigen. Zudem stellt Caritas international 100.000 Euro bereit f\u00fcr Nothilfema\u00dfnahmen vor Ort. \u201eDie Forderung stellen wir [&hellip;]<\/p>\n","protected":false},"author":5,"featured_media":0,"comment_status":"open","ping_status":"open","sticky":false,"template":"","format":"standard","meta":{"_genesis_hide_title":false,"_genesis_hide_breadcrumbs":false,"_genesis_hide_singular_image":false,"_genesis_hide_footer_widgets":false,"_genesis_custom_body_class":"","_genesis_custom_post_class":"","_genesis_layout":"","ngg_post_thumbnail":0,"jetpack_post_was_ever_published":false,"_jetpack_newsletter_access":"","_jetpack_dont_email_post_to_subs":false,"_jetpack_newsletter_tier_id":0,"_jetpack_memberships_contains_paywalled_content":false,"_jetpack_memberships_contains_paid_content":false,"footnotes":"","jetpack_publicize_message":"","jetpack_publicize_feature_enabled":true,"jetpack_social_post_already_shared":true,"jetpack_social_options":{"image_generator_settings":{"template":"highway","default_image_id":0,"font":"","enabled":false},"version":2}},"categories":[7],"tags":[],"class_list":{"0":"post-4467","1":"post","2":"type-post","3":"status-publish","4":"format-standard","6":"category-aus-aller-welt","7":"entry"},"aioseo_notices":[],"jetpack_publicize_connections":[],"jetpack_featured_media_url":"","jetpack_sharing_enabled":true,"jetpack_shortlink":"https:\/\/wp.me\/pdR32e-1a3","jetpack-related-posts":[],"_links":{"self":[{"href":"https:\/\/fh-waltrop.de\/index.php\/wp-json\/wp\/v2\/posts\/4467","targetHints":{"allow":["GET"]}}],"collection":[{"href":"https:\/\/fh-waltrop.de\/index.php\/wp-json\/wp\/v2\/posts"}],"about":[{"href":"https:\/\/fh-waltrop.de\/index.php\/wp-json\/wp\/v2\/types\/post"}],"author":[{"embeddable":true,"href":"https:\/\/fh-waltrop.de\/index.php\/wp-json\/wp\/v2\/users\/5"}],"replies":[{"embeddable":true,"href":"https:\/\/fh-waltrop.de\/index.php\/wp-json\/wp\/v2\/comments?post=4467"}],"version-history":[{"count":0,"href":"https:\/\/fh-waltrop.de\/index.php\/wp-json\/wp\/v2\/posts\/4467\/revisions"}],"wp:attachment":[{"href":"https:\/\/fh-waltrop.de\/index.php\/wp-json\/wp\/v2\/media?parent=4467"}],"wp:term":[{"taxonomy":"category","embeddable":true,"href":"https:\/\/fh-waltrop.de\/index.php\/wp-json\/wp\/v2\/categories?post=4467"},{"taxonomy":"post_tag","embeddable":true,"href":"https:\/\/fh-waltrop.de\/index.php\/wp-json\/wp\/v2\/tags?post=4467"}],"curies":[{"name":"wp","href":"https:\/\/api.w.org\/{rel}","templated":true}]}}