{"id":906,"date":"2015-12-14T10:46:20","date_gmt":"2015-12-14T09:46:20","guid":{"rendered":"http:\/\/fh-waltrop.de\/?p=906"},"modified":"2015-12-14T10:47:06","modified_gmt":"2015-12-14T09:47:06","slug":"arabisches-tv-programm-der-dw-via-astra-satellit-auch-in-deutschland","status":"publish","type":"post","link":"https:\/\/fh-waltrop.de\/index.php\/arabisches-tv-programm-der-dw-via-astra-satellit-auch-in-deutschland\/","title":{"rendered":"Arabisches TV-Programm der DW via Astra-Satellit auch in Deutschland"},"content":{"rendered":"<p style=\"text-align: justify;\"><img loading=\"lazy\" decoding=\"async\" data-attachment-id=\"907\" data-permalink=\"https:\/\/fh-waltrop.de\/index.php\/arabisches-tv-programm-der-dw-via-astra-satellit-auch-in-deutschland\/dw_satellit\/\" data-orig-file=\"https:\/\/fh-waltrop.de\/wp-content\/uploads\/2015\/12\/dw_satellit.jpg\" data-orig-size=\"700,394\" data-comments-opened=\"1\" data-image-meta=\"{&quot;aperture&quot;:&quot;0&quot;,&quot;credit&quot;:&quot;&quot;,&quot;camera&quot;:&quot;&quot;,&quot;caption&quot;:&quot;&quot;,&quot;created_timestamp&quot;:&quot;0&quot;,&quot;copyright&quot;:&quot;&quot;,&quot;focal_length&quot;:&quot;0&quot;,&quot;iso&quot;:&quot;0&quot;,&quot;shutter_speed&quot;:&quot;0&quot;,&quot;title&quot;:&quot;&quot;,&quot;orientation&quot;:&quot;0&quot;}\" data-image-title=\"dw_satellit\" data-image-description=\"\" data-image-caption=\"\" data-large-file=\"https:\/\/fh-waltrop.de\/wp-content\/uploads\/2015\/12\/dw_satellit.jpg\" class=\"alignnone size-full wp-image-907\" src=\"http:\/\/fh-waltrop.de\/wp-content\/uploads\/2015\/12\/dw_satellit.jpg\" alt=\"dw_satellit\" width=\"700\" height=\"394\" srcset=\"https:\/\/fh-waltrop.de\/wp-content\/uploads\/2015\/12\/dw_satellit.jpg 700w, https:\/\/fh-waltrop.de\/wp-content\/uploads\/2015\/12\/dw_satellit-300x169.jpg 300w\" sizes=\"auto, (max-width: 700px) 100vw, 700px\" \/>Mit Blick auf die Fl\u00fcchtlinge aus dem Nahen Osten haben die DW und der Satelliten-Betreiber SES eine entsprechende Projektpartnerschaft vereinbart. Der Ausbau des Programms zu einem Integrations- und Informationskanal f\u00fcr Fl\u00fcchtlinge ist in den kommenden Monaten geplant. Politiker begr\u00fc\u00dfen die Initiative.<\/p>\n<p style=\"text-align: justify;\">Das arabische TV-Programm des deutschen Auslandssenders wird via Astra 1M in Europa ausgestrahlt. Der Kanal DW (Arabia) bietet rund um die Uhr Nachrichten und Informationen aus und \u00fcber Deutschland in arabischer Sprache. Bislang war das Angebot in Deutschland ausschlie\u00dflich \u00fcber den Livestream im Internet auf dw.com\/arabic verf\u00fcgbar.<\/p>\n<p style=\"text-align: justify;\">Weitere Informationen:\u00a0<a href=\"http:\/\/www.dw.com\/de\/arabisches-tv-programm-der-dw-via-astra-satellit-auch-in-deutschland\/a-18912332\" target=\"_blank\">Deutsche Welle Pressemitteilung<\/a><\/p>\n","protected":false},"excerpt":{"rendered":"<p>Mit Blick auf die Fl\u00fcchtlinge aus dem Nahen Osten haben die DW und der Satelliten-Betreiber SES eine entsprechende Projektpartnerschaft vereinbart. Der Ausbau des Programms zu einem Integrations- und Informationskanal f\u00fcr Fl\u00fcchtlinge ist in den kommenden Monaten geplant. Politiker begr\u00fc\u00dfen die Initiative. Das arabische TV-Programm des deutschen Auslandssenders wird via Astra 1M in Europa ausgestrahlt. Der [&hellip;]<\/p>\n","protected":false},"author":2,"featured_media":0,"comment_status":"open","ping_status":"open","sticky":false,"template":"","format":"standard","meta":{"_genesis_hide_title":false,"_genesis_hide_breadcrumbs":false,"_genesis_hide_singular_image":false,"_genesis_hide_footer_widgets":false,"_genesis_custom_body_class":"","_genesis_custom_post_class":"","_genesis_layout":"","ngg_post_thumbnail":0,"jetpack_post_was_ever_published":false,"_jetpack_newsletter_access":"","_jetpack_dont_email_post_to_subs":false,"_jetpack_newsletter_tier_id":0,"_jetpack_memberships_contains_paywalled_content":false,"_jetpack_memberships_contains_paid_content":false,"footnotes":"","jetpack_publicize_message":"","jetpack_publicize_feature_enabled":true,"jetpack_social_post_already_shared":false,"jetpack_social_options":{"image_generator_settings":{"template":"highway","default_image_id":0,"font":"","enabled":false},"version":2}},"categories":[7,8,3,5],"tags":[],"class_list":{"0":"post-906","1":"post","2":"type-post","3":"status-publish","4":"format-standard","6":"category-aus-aller-welt","7":"category-helfen","8":"category-news","9":"category-refugees","10":"entry"},"aioseo_notices":[],"jetpack_publicize_connections":[],"jetpack_featured_media_url":"","jetpack_sharing_enabled":true,"jetpack_shortlink":"https:\/\/wp.me\/pdR32e-eC","jetpack-related-posts":[],"_links":{"self":[{"href":"https:\/\/fh-waltrop.de\/index.php\/wp-json\/wp\/v2\/posts\/906","targetHints":{"allow":["GET"]}}],"collection":[{"href":"https:\/\/fh-waltrop.de\/index.php\/wp-json\/wp\/v2\/posts"}],"about":[{"href":"https:\/\/fh-waltrop.de\/index.php\/wp-json\/wp\/v2\/types\/post"}],"author":[{"embeddable":true,"href":"https:\/\/fh-waltrop.de\/index.php\/wp-json\/wp\/v2\/users\/2"}],"replies":[{"embeddable":true,"href":"https:\/\/fh-waltrop.de\/index.php\/wp-json\/wp\/v2\/comments?post=906"}],"version-history":[{"count":0,"href":"https:\/\/fh-waltrop.de\/index.php\/wp-json\/wp\/v2\/posts\/906\/revisions"}],"wp:attachment":[{"href":"https:\/\/fh-waltrop.de\/index.php\/wp-json\/wp\/v2\/media?parent=906"}],"wp:term":[{"taxonomy":"category","embeddable":true,"href":"https:\/\/fh-waltrop.de\/index.php\/wp-json\/wp\/v2\/categories?post=906"},{"taxonomy":"post_tag","embeddable":true,"href":"https:\/\/fh-waltrop.de\/index.php\/wp-json\/wp\/v2\/tags?post=906"}],"curies":[{"name":"wp","href":"https:\/\/api.w.org\/{rel}","templated":true}]}}