{"id":962,"date":"2015-12-10T20:32:31","date_gmt":"2015-12-10T19:32:31","guid":{"rendered":"http:\/\/fh-waltrop.de\/?p=962"},"modified":"2015-12-28T14:38:58","modified_gmt":"2015-12-28T13:38:58","slug":"frohe-weihnachten","status":"publish","type":"post","link":"https:\/\/fh-waltrop.de\/index.php\/frohe-weihnachten\/","title":{"rendered":"Frohe Weihnachten"},"content":{"rendered":"<h3>Wir w\u00fcnschen allen frohe und ruhige Weihnachtstage!<\/h3>\n<figure id=\"attachment_963\" aria-describedby=\"caption-attachment-963\" style=\"width: 622px\" class=\"wp-caption alignnone\"><a href=\"http:\/\/fh-waltrop.de\/wp-content\/uploads\/2015\/12\/NIK3337.jpg\"><img loading=\"lazy\" decoding=\"async\" data-attachment-id=\"963\" data-permalink=\"https:\/\/fh-waltrop.de\/index.php\/frohe-weihnachten\/_nik3337\/\" data-orig-file=\"https:\/\/fh-waltrop.de\/wp-content\/uploads\/2015\/12\/NIK3337.jpg\" data-orig-size=\"602,400\" data-comments-opened=\"1\" data-image-meta=\"{&quot;aperture&quot;:&quot;5.6&quot;,&quot;credit&quot;:&quot;c-4-u press media production&quot;,&quot;camera&quot;:&quot;NIKON D2X&quot;,&quot;caption&quot;:&quot;&quot;,&quot;created_timestamp&quot;:&quot;1134333498&quot;,&quot;copyright&quot;:&quot;copyright by Bernd Sch\\u008afer&quot;,&quot;focal_length&quot;:&quot;28&quot;,&quot;iso&quot;:&quot;100&quot;,&quot;shutter_speed&quot;:&quot;0.033333333333333&quot;,&quot;title&quot;:&quot;&quot;,&quot;orientation&quot;:&quot;1&quot;}\" data-image-title=\"_NIK3337\" data-image-description=\"\" data-image-caption=\"&lt;p&gt;Foto (c): B. Sch\u00e4fer&lt;\/p&gt;\n\" data-large-file=\"https:\/\/fh-waltrop.de\/wp-content\/uploads\/2015\/12\/NIK3337.jpg\" class=\" wp-image-963\" src=\"http:\/\/fh-waltrop.de\/wp-content\/uploads\/2015\/12\/NIK3337.jpg\" alt=\"Foto (c): B. Sch\u00e4fer\" width=\"622\" height=\"413\" srcset=\"https:\/\/fh-waltrop.de\/wp-content\/uploads\/2015\/12\/NIK3337.jpg 602w, https:\/\/fh-waltrop.de\/wp-content\/uploads\/2015\/12\/NIK3337-300x199.jpg 300w\" sizes=\"auto, (max-width: 622px) 100vw, 622px\" \/><\/a><figcaption id=\"caption-attachment-963\" class=\"wp-caption-text\">Foto (c): B. Sch\u00e4fer<\/figcaption><\/figure>\n<p>&nbsp;<\/p>\n<p style=\"text-align: justify;\">Die S\u00fcddeutsche Zeitung nannte die Fl\u00fcchtlingshelferInnen die \u201egr\u00f6\u00dfte zivilgesellschaftliche Bewegung seit Jahrzehnten\u201c. Und laut einer EKD-Studie sind es Millionen die ehrenamtlich helfen. Wir freuen uns, ein Teil davon sein zu d\u00fcrfen!<\/p>\n","protected":false},"excerpt":{"rendered":"<p>Wir w\u00fcnschen allen frohe und ruhige Weihnachtstage! &nbsp; Die S\u00fcddeutsche Zeitung nannte die Fl\u00fcchtlingshelferInnen die \u201egr\u00f6\u00dfte zivilgesellschaftliche Bewegung seit Jahrzehnten\u201c. Und laut einer EKD-Studie sind es Millionen die ehrenamtlich helfen. Wir freuen uns, ein Teil davon sein zu d\u00fcrfen!<\/p>\n","protected":false},"author":4,"featured_media":0,"comment_status":"open","ping_status":"open","sticky":false,"template":"","format":"standard","meta":{"_genesis_hide_title":false,"_genesis_hide_breadcrumbs":false,"_genesis_hide_singular_image":false,"_genesis_hide_footer_widgets":false,"_genesis_custom_body_class":"","_genesis_custom_post_class":"","_genesis_layout":"","ngg_post_thumbnail":0,"jetpack_post_was_ever_published":false,"_jetpack_newsletter_access":"","_jetpack_dont_email_post_to_subs":false,"_jetpack_newsletter_tier_id":0,"_jetpack_memberships_contains_paywalled_content":false,"_jetpack_memberships_contains_paid_content":false,"footnotes":"","jetpack_publicize_message":"","jetpack_publicize_feature_enabled":true,"jetpack_social_post_already_shared":false,"jetpack_social_options":{"image_generator_settings":{"template":"highway","default_image_id":0,"font":"","enabled":false},"version":2}},"categories":[1],"tags":[],"class_list":{"0":"post-962","1":"post","2":"type-post","3":"status-publish","4":"format-standard","6":"category-uncategorized","7":"entry"},"aioseo_notices":[],"jetpack_publicize_connections":[],"jetpack_featured_media_url":"","jetpack_sharing_enabled":true,"jetpack_shortlink":"https:\/\/wp.me\/pdR32e-fw","jetpack-related-posts":[],"_links":{"self":[{"href":"https:\/\/fh-waltrop.de\/index.php\/wp-json\/wp\/v2\/posts\/962","targetHints":{"allow":["GET"]}}],"collection":[{"href":"https:\/\/fh-waltrop.de\/index.php\/wp-json\/wp\/v2\/posts"}],"about":[{"href":"https:\/\/fh-waltrop.de\/index.php\/wp-json\/wp\/v2\/types\/post"}],"author":[{"embeddable":true,"href":"https:\/\/fh-waltrop.de\/index.php\/wp-json\/wp\/v2\/users\/4"}],"replies":[{"embeddable":true,"href":"https:\/\/fh-waltrop.de\/index.php\/wp-json\/wp\/v2\/comments?post=962"}],"version-history":[{"count":0,"href":"https:\/\/fh-waltrop.de\/index.php\/wp-json\/wp\/v2\/posts\/962\/revisions"}],"wp:attachment":[{"href":"https:\/\/fh-waltrop.de\/index.php\/wp-json\/wp\/v2\/media?parent=962"}],"wp:term":[{"taxonomy":"category","embeddable":true,"href":"https:\/\/fh-waltrop.de\/index.php\/wp-json\/wp\/v2\/categories?post=962"},{"taxonomy":"post_tag","embeddable":true,"href":"https:\/\/fh-waltrop.de\/index.php\/wp-json\/wp\/v2\/tags?post=962"}],"curies":[{"name":"wp","href":"https:\/\/api.w.org\/{rel}","templated":true}]}}