{"id":978,"date":"2015-12-29T13:27:05","date_gmt":"2015-12-29T12:27:05","guid":{"rendered":"http:\/\/fh-waltrop.de\/?p=978"},"modified":"2015-12-31T17:40:32","modified_gmt":"2015-12-31T16:40:32","slug":"lob-fur-die-fluchtlingshilfe-waltrop","status":"publish","type":"post","link":"https:\/\/fh-waltrop.de\/index.php\/lob-fur-die-fluchtlingshilfe-waltrop\/","title":{"rendered":"Lob f\u00fcr die Fl\u00fcchtlingshilfe Waltrop"},"content":{"rendered":"<figure id=\"attachment_979\" aria-describedby=\"caption-attachment-979\" style=\"width: 304px\" class=\"wp-caption alignleft\"><a href=\"http:\/\/fh-waltrop.de\/wp-content\/uploads\/2015\/12\/Nicole_Moenikes.jpg\"><img loading=\"lazy\" decoding=\"async\" data-attachment-id=\"979\" data-permalink=\"https:\/\/fh-waltrop.de\/index.php\/lob-fur-die-fluchtlingshilfe-waltrop\/nicole_moenikes\/\" data-orig-file=\"https:\/\/fh-waltrop.de\/wp-content\/uploads\/2015\/12\/Nicole_Moenikes.jpg\" data-orig-size=\"400,561\" data-comments-opened=\"1\" data-image-meta=\"{&quot;aperture&quot;:&quot;0&quot;,&quot;credit&quot;:&quot;&quot;,&quot;camera&quot;:&quot;&quot;,&quot;caption&quot;:&quot;&quot;,&quot;created_timestamp&quot;:&quot;0&quot;,&quot;copyright&quot;:&quot;&quot;,&quot;focal_length&quot;:&quot;0&quot;,&quot;iso&quot;:&quot;0&quot;,&quot;shutter_speed&quot;:&quot;0&quot;,&quot;title&quot;:&quot;&quot;,&quot;orientation&quot;:&quot;1&quot;}\" data-image-title=\"Nicole_Moenikes\" data-image-description=\"\" data-image-caption=\"&lt;p&gt;B\u00fcrgermeisterin Nicole Moenikes. Foto: Stadt Waltrop&lt;\/p&gt;\n\" data-large-file=\"https:\/\/fh-waltrop.de\/wp-content\/uploads\/2015\/12\/Nicole_Moenikes.jpg\" class=\" wp-image-979\" src=\"http:\/\/fh-waltrop.de\/wp-content\/uploads\/2015\/12\/Nicole_Moenikes.jpg\" alt=\"B\u00fcrgermeisterin Nicole Moenikes. Foto: Stadt Waltrop\" width=\"304\" height=\"426\" srcset=\"https:\/\/fh-waltrop.de\/wp-content\/uploads\/2015\/12\/Nicole_Moenikes.jpg 400w, https:\/\/fh-waltrop.de\/wp-content\/uploads\/2015\/12\/Nicole_Moenikes-214x300.jpg 214w\" sizes=\"auto, (max-width: 304px) 100vw, 304px\" \/><\/a><figcaption id=\"caption-attachment-979\" class=\"wp-caption-text\">B\u00fcrgermeisterin Nicole Moenikes. Foto: Stadt Waltrop<\/figcaption><\/figure>\n<p style=\"text-align: justify;\">Lobende Worte fand unsere B\u00fcrgermeisterin Nicole Moenikes f\u00fcr die Fl\u00fcchtlingshilfe Waltrop, heute (29.12.2015) in einem Gespr\u00e4ch mit der <strong>Waltroper Zeitung<\/strong>. In einer Art Bilanz res\u00fcmierte Moenikes zum Thema Fl\u00fcchtlinge: &#8222;Ohne die vielen Ehrenamtlichen w\u00e4re das so nicht gegangen&#8220;,\u00a0und betonte laut WZ: &#8222;Das Kanzlerinnen-Wort: Wir schaffen das, sei das eine, aber es ist doch was anderes , wenn man die Leute vor sich hat&#8220;. Entlastend f\u00fcr die Stadt sei zum Beispiel die Hilfe bei Beh\u00f6rdeng\u00e4ngen: &#8220; Wenn es das nicht g\u00e4be, br\u00e4uchten wir drei Sozialarbeiter statt einem&#8220;. Lina Welzel ist seit dem 1. Juli Sozialarbeiterin bei der Stadt und wurde\u00a0engagiert f\u00fcr die\u00a0Arbeit mit Fl\u00fcchtlingen, wo sie\u00a0sehr eng mit unseren HauspatInnen kooperiert.<\/p>\n<p style=\"text-align: justify;\">In einem weiteren Artikel berichtet die WZ \u00fcber unsere Weihnachtsfeier f\u00fcr Fl\u00fcchtlinge \u00a0aus der Unterkunft Schwarzbach, die im AWO-Saal stattfand. Wir werden in diesem Bericht wie folgt zitiert: &#8222;Dieser Tag war eine gelungene Abwechslung f\u00fcr die G\u00e4ste au\u00dferhalb ihrer Unterkunft. [&#8230;] Herzlichen Dank an die AWO und die Gemeinde St. Peter f\u00fcr die Unterst\u00fctzung!&#8220;.<\/p>\n<p style=\"text-align: justify;\">Weiteres hierzu in der Waltroper Zeitung online:\u00a0<a href=\"http:\/\/www.waltroper-zeitung.de\/staedte\/waltrop\/45731-Waltrop~\/Einzelhandel-V-E-Wahlversprechen-Strich-drunter-BM-Moenikes-ueber-das-Jahr-2015;art1010,1703138\" target=\"_blank\">\u201eStrich drunter\u201c: BM Moenikes \u00fcber das Jahr 2015<\/a>\u00a0sowie in der Print-Ausgabe.<\/p>\n<p style=\"text-align: justify;\"><span style=\"text-decoration: underline;\"><strong>Erg\u00e4nzung:<\/strong><\/span> In der WZ vom 30.12.2015 lobt auch Dominik Schad, Fraktionsvorsitzender der SPD, unser Engagement: &#8222;Wie die B\u00fcrgermeisterin ist auch Schad froh, dass das Thema Fl\u00fcchtlinge nicht zu einem parteipolitischen Zankapfel wurde, und lobt ausdr\u00fccklich das Engagement der Ehrenamtlichen. Er sagt, das Konzept der dezentralen Unterbringung m\u00fcsse im neuen Jahr weiter gest\u00e4rkt werden.&#8220;<\/p>\n<p style=\"text-align: justify;\"><a href=\"http:\/\/www.waltroper-zeitung.de\/staedte\/waltrop\/45731-Waltrop~\/Kritische-Perspektive-Bilanz-Fraktionschef-Dominik-Schad-blickt-auf-2015;art1010,1703698\" target=\"_blank\">Kritische Perspektive: Fraktionschef Dominik Schad blickt auf 2015<\/a><\/p>\n<p style=\"text-align: justify;\"><span style=\"text-decoration: underline;\"><strong>Update 31.12.2015:<\/strong><\/span>\u00a0 Monya Bu\u00df, Fraktionsvorsitzende der Gr\u00fcnen, auf Facebook: &#8222;Ich freue mich \u00fcber die Anerkennung der geleisteten ehrenamtlichen Arbeit. Als B\u00fcrgermeisterin hat sich BM Moenikes das Wohl der Einwohner*innen auf die Fahne geschrieben und gibt ihr bestes die Unterbringung der in Waltrop lebenden Gefl\u00fcchteten zu gew\u00e4hrleisten. Vielleicht bekommen wir bei so viel lobenden Worten demn\u00e4chst auch die Gesundheitskarte f\u00fcr Gefl\u00fcchtete. Das w\u00e4re eine echte Erleichterung f\u00fcr die Menschen und eine Entlastung f\u00fcr die Stadtverwaltung und mehr als warme Worte.&#8220;<\/p>\n","protected":false},"excerpt":{"rendered":"<p>Lobende Worte fand unsere B\u00fcrgermeisterin Nicole Moenikes f\u00fcr die Fl\u00fcchtlingshilfe Waltrop, heute (29.12.2015) in einem Gespr\u00e4ch mit der Waltroper Zeitung. In einer Art Bilanz res\u00fcmierte Moenikes zum Thema Fl\u00fcchtlinge: &#8222;Ohne die vielen Ehrenamtlichen w\u00e4re das so nicht gegangen&#8220;,\u00a0und betonte laut WZ: &#8222;Das Kanzlerinnen-Wort: Wir schaffen das, sei das eine, aber es ist doch was anderes [&hellip;]<\/p>\n","protected":false},"author":4,"featured_media":0,"comment_status":"open","ping_status":"open","sticky":false,"template":"","format":"standard","meta":{"_genesis_hide_title":false,"_genesis_hide_breadcrumbs":false,"_genesis_hide_singular_image":false,"_genesis_hide_footer_widgets":false,"_genesis_custom_body_class":"","_genesis_custom_post_class":"","_genesis_layout":"","ngg_post_thumbnail":0,"jetpack_post_was_ever_published":false,"_jetpack_newsletter_access":"","_jetpack_dont_email_post_to_subs":false,"_jetpack_newsletter_tier_id":0,"_jetpack_memberships_contains_paywalled_content":false,"_jetpack_memberships_contains_paid_content":false,"footnotes":"","jetpack_publicize_message":"","jetpack_publicize_feature_enabled":true,"jetpack_social_post_already_shared":false,"jetpack_social_options":{"image_generator_settings":{"template":"highway","default_image_id":0,"font":"","enabled":false},"version":2}},"categories":[3,6],"tags":[],"class_list":{"0":"post-978","1":"post","2":"type-post","3":"status-publish","4":"format-standard","6":"category-news","7":"category-waltrop-und-umgebung","8":"entry"},"aioseo_notices":[],"jetpack_publicize_connections":[],"jetpack_featured_media_url":"","jetpack_sharing_enabled":true,"jetpack_shortlink":"https:\/\/wp.me\/pdR32e-fM","jetpack-related-posts":[],"_links":{"self":[{"href":"https:\/\/fh-waltrop.de\/index.php\/wp-json\/wp\/v2\/posts\/978","targetHints":{"allow":["GET"]}}],"collection":[{"href":"https:\/\/fh-waltrop.de\/index.php\/wp-json\/wp\/v2\/posts"}],"about":[{"href":"https:\/\/fh-waltrop.de\/index.php\/wp-json\/wp\/v2\/types\/post"}],"author":[{"embeddable":true,"href":"https:\/\/fh-waltrop.de\/index.php\/wp-json\/wp\/v2\/users\/4"}],"replies":[{"embeddable":true,"href":"https:\/\/fh-waltrop.de\/index.php\/wp-json\/wp\/v2\/comments?post=978"}],"version-history":[{"count":0,"href":"https:\/\/fh-waltrop.de\/index.php\/wp-json\/wp\/v2\/posts\/978\/revisions"}],"wp:attachment":[{"href":"https:\/\/fh-waltrop.de\/index.php\/wp-json\/wp\/v2\/media?parent=978"}],"wp:term":[{"taxonomy":"category","embeddable":true,"href":"https:\/\/fh-waltrop.de\/index.php\/wp-json\/wp\/v2\/categories?post=978"},{"taxonomy":"post_tag","embeddable":true,"href":"https:\/\/fh-waltrop.de\/index.php\/wp-json\/wp\/v2\/tags?post=978"}],"curies":[{"name":"wp","href":"https:\/\/api.w.org\/{rel}","templated":true}]}}